{"id":19013,"date":"2025-06-27T21:47:01","date_gmt":"2025-06-27T19:47:01","guid":{"rendered":"https:\/\/wgphoto.pl\/t\/?p=19013"},"modified":"2025-06-27T21:47:01","modified_gmt":"2025-06-27T19:47:01","slug":"105na-22162217-2","status":"publish","type":"post","link":"https:\/\/wgphoto.pl\/t\/?p=19013","title":{"rendered":"105Na 2216+2217"},"content":{"rendered":"\n<figure class=\"wp-block-image aligncenter size-full\"><img loading=\"lazy\" decoding=\"async\" width=\"1300\" height=\"862\" src=\"https:\/\/wgphoto.pl\/t\/wp-content\/uploads\/2025\/06\/0620-29.jpg\" alt=\"\" class=\"wp-image-19014\" srcset=\"https:\/\/wgphoto.pl\/t\/wp-content\/uploads\/2025\/06\/0620-29.jpg 1300w, https:\/\/wgphoto.pl\/t\/wp-content\/uploads\/2025\/06\/0620-29-300x199.jpg 300w, https:\/\/wgphoto.pl\/t\/wp-content\/uploads\/2025\/06\/0620-29-768x509.jpg 768w\" sizes=\"auto, (max-width: 1300px) 100vw, 1300px\" \/><\/figure>\n\n\n\n<div class=\"wp-block-group has-global-padding is-layout-constrained wp-block-group-is-layout-constrained\">\n<p>Sk\u0142ad 105Na 2216+2217 mija rozkopany plac Powsta\u0144c\u00f3w Wielkopolskich we Wroc\u0142awiu jad\u0105c torem wybudowanym na potrzeby zmienionej organizacji ruchu (relacja ta pozosta\u0142a po przebudowie i jest u\u017cywana awaryjnie). Wyra\u017anie wida\u0107 przebieg u\u017cywanego jeszcze do niedawna \u0142uku z placu w ulic\u0119 Trzebnick\u0105. 22.08.2006<\/p>\n<\/div>\n","protected":false},"excerpt":{"rendered":"<p>Sk\u0142ad 105Na 2216+2217 mija rozkopany plac Powsta\u0144c\u00f3w Wielkopolskich we Wroc\u0142awiu jad\u0105c torem wybudowanym na potrzeby zmienionej organizacji ruchu (relacja ta pozosta\u0142a po przebudowie i jest u\u017cywana awaryjnie). Wyra\u017anie wida\u0107 przebieg u\u017cywanego jeszcze do niedawna \u0142uku z placu w ulic\u0119 Trzebnick\u0105. 22.08.2006<\/p>\n","protected":false},"author":1,"featured_media":19014,"comment_status":"open","ping_status":"","sticky":false,"template":"","format":"standard","meta":{"footnotes":""},"categories":[62,130,3],"tags":[155,4074,745,42,27,41],"class_list":["post-19013","post","type-post","status-publish","format-standard","has-post-thumbnail","hentry","category-analog","category-rok-2006","category-tramwaj","tag-105na","tag-2006-08-22","tag-budowa","tag-mpk-wroclaw","tag-polska","tag-wroclaw"],"_links":{"self":[{"href":"https:\/\/wgphoto.pl\/t\/index.php?rest_route=\/wp\/v2\/posts\/19013","targetHints":{"allow":["GET"]}}],"collection":[{"href":"https:\/\/wgphoto.pl\/t\/index.php?rest_route=\/wp\/v2\/posts"}],"about":[{"href":"https:\/\/wgphoto.pl\/t\/index.php?rest_route=\/wp\/v2\/types\/post"}],"author":[{"embeddable":true,"href":"https:\/\/wgphoto.pl\/t\/index.php?rest_route=\/wp\/v2\/users\/1"}],"replies":[{"embeddable":true,"href":"https:\/\/wgphoto.pl\/t\/index.php?rest_route=%2Fwp%2Fv2%2Fcomments&post=19013"}],"version-history":[{"count":1,"href":"https:\/\/wgphoto.pl\/t\/index.php?rest_route=\/wp\/v2\/posts\/19013\/revisions"}],"predecessor-version":[{"id":19015,"href":"https:\/\/wgphoto.pl\/t\/index.php?rest_route=\/wp\/v2\/posts\/19013\/revisions\/19015"}],"wp:featuredmedia":[{"embeddable":true,"href":"https:\/\/wgphoto.pl\/t\/index.php?rest_route=\/wp\/v2\/media\/19014"}],"wp:attachment":[{"href":"https:\/\/wgphoto.pl\/t\/index.php?rest_route=%2Fwp%2Fv2%2Fmedia&parent=19013"}],"wp:term":[{"taxonomy":"category","embeddable":true,"href":"https:\/\/wgphoto.pl\/t\/index.php?rest_route=%2Fwp%2Fv2%2Fcategories&post=19013"},{"taxonomy":"post_tag","embeddable":true,"href":"https:\/\/wgphoto.pl\/t\/index.php?rest_route=%2Fwp%2Fv2%2Ftags&post=19013"}],"curies":[{"name":"wp","href":"https:\/\/api.w.org\/{rel}","templated":true}]}}