{"id":19019,"date":"2025-06-27T21:49:40","date_gmt":"2025-06-27T19:49:40","guid":{"rendered":"https:\/\/wgphoto.pl\/t\/?p=19019"},"modified":"2025-06-27T21:49:40","modified_gmt":"2025-06-27T19:49:40","slug":"poczatek-metra","status":"publish","type":"post","link":"https:\/\/wgphoto.pl\/t\/?p=19019","title":{"rendered":"Pocz\u0105tek metra"},"content":{"rendered":"\n<figure class=\"wp-block-image aligncenter size-full\"><img loading=\"lazy\" decoding=\"async\" width=\"1300\" height=\"861\" src=\"https:\/\/wgphoto.pl\/t\/wp-content\/uploads\/2025\/06\/IMGP4893.jpg\" alt=\"\" class=\"wp-image-19020\" srcset=\"https:\/\/wgphoto.pl\/t\/wp-content\/uploads\/2025\/06\/IMGP4893.jpg 1300w, https:\/\/wgphoto.pl\/t\/wp-content\/uploads\/2025\/06\/IMGP4893-300x199.jpg 300w, https:\/\/wgphoto.pl\/t\/wp-content\/uploads\/2025\/06\/IMGP4893-768x509.jpg 768w\" sizes=\"auto, (max-width: 1300px) 100vw, 1300px\" \/><\/figure>\n\n\n\n<div class=\"wp-block-group has-global-padding is-layout-constrained wp-block-group-is-layout-constrained\">\n<p>Charleroi, odcinek Parc &#8211; Tirou. Wagon 7401 mija miejsce, kt\u00f3re, zgodnie ze znakami, jest ko\u0144cem fragmentu, na kt\u00f3rym obowi\u0105zuje prowadzenie ruchu na zasadach metra (bezkolizyjno\u015b\u0107 i sterowanie semaforami). Odt\u0105d obowi\u0105zuj\u0105 przepisy tramwajowe. 07.11.2017<\/p>\n<\/div>\n","protected":false},"excerpt":{"rendered":"<p>Charleroi, odcinek Parc &#8211; Tirou. Wagon 7401 mija miejsce, kt\u00f3re, zgodnie ze znakami, jest ko\u0144cem fragmentu, na kt\u00f3rym obowi\u0105zuje prowadzenie ruchu na zasadach metra (bezkolizyjno\u015b\u0107 i sterowanie semaforami). Odt\u0105d obowi\u0105zuj\u0105 przepisy tramwajowe. 07.11.2017<\/p>\n","protected":false},"author":1,"featured_media":19020,"comment_status":"open","ping_status":"","sticky":false,"template":"","format":"standard","meta":{"footnotes":""},"categories":[4,368,3],"tags":[2267,695,91,814,812,118,103,813,15,839,90],"class_list":["post-19019","post","type-post","status-publish","format-standard","has-post-thumbnail","hentry","category-metro","category-rok-2017","category-tramwaj","tag-2017-11-07","tag-belgia","tag-blue-hour","tag-bn-lrv","tag-charleroi","tag-plany-i-profile","tag-premetro","tag-tec-charleroi","tag-tunel","tag-wakacje-2017","tag-wieczorem"],"_links":{"self":[{"href":"https:\/\/wgphoto.pl\/t\/index.php?rest_route=\/wp\/v2\/posts\/19019","targetHints":{"allow":["GET"]}}],"collection":[{"href":"https:\/\/wgphoto.pl\/t\/index.php?rest_route=\/wp\/v2\/posts"}],"about":[{"href":"https:\/\/wgphoto.pl\/t\/index.php?rest_route=\/wp\/v2\/types\/post"}],"author":[{"embeddable":true,"href":"https:\/\/wgphoto.pl\/t\/index.php?rest_route=\/wp\/v2\/users\/1"}],"replies":[{"embeddable":true,"href":"https:\/\/wgphoto.pl\/t\/index.php?rest_route=%2Fwp%2Fv2%2Fcomments&post=19019"}],"version-history":[{"count":1,"href":"https:\/\/wgphoto.pl\/t\/index.php?rest_route=\/wp\/v2\/posts\/19019\/revisions"}],"predecessor-version":[{"id":19021,"href":"https:\/\/wgphoto.pl\/t\/index.php?rest_route=\/wp\/v2\/posts\/19019\/revisions\/19021"}],"wp:featuredmedia":[{"embeddable":true,"href":"https:\/\/wgphoto.pl\/t\/index.php?rest_route=\/wp\/v2\/media\/19020"}],"wp:attachment":[{"href":"https:\/\/wgphoto.pl\/t\/index.php?rest_route=%2Fwp%2Fv2%2Fmedia&parent=19019"}],"wp:term":[{"taxonomy":"category","embeddable":true,"href":"https:\/\/wgphoto.pl\/t\/index.php?rest_route=%2Fwp%2Fv2%2Fcategories&post=19019"},{"taxonomy":"post_tag","embeddable":true,"href":"https:\/\/wgphoto.pl\/t\/index.php?rest_route=%2Fwp%2Fv2%2Ftags&post=19019"}],"curies":[{"name":"wp","href":"https:\/\/api.w.org\/{rel}","templated":true}]}}