{"id":19022,"date":"2025-06-27T21:50:53","date_gmt":"2025-06-27T19:50:53","guid":{"rendered":"https:\/\/wgphoto.pl\/t\/?p=19022"},"modified":"2025-06-27T21:50:53","modified_gmt":"2025-06-27T19:50:53","slug":"wawel-w-lesnicy","status":"publish","type":"post","link":"https:\/\/wgphoto.pl\/t\/?p=19022","title":{"rendered":"&#8222;Wawel&#8221; w Le\u015bnicy"},"content":{"rendered":"\n<figure class=\"wp-block-image aligncenter size-full\"><img loading=\"lazy\" decoding=\"async\" width=\"1300\" height=\"862\" src=\"https:\/\/wgphoto.pl\/t\/wp-content\/uploads\/2025\/06\/0229-09a.jpg\" alt=\"\" class=\"wp-image-19023\" srcset=\"https:\/\/wgphoto.pl\/t\/wp-content\/uploads\/2025\/06\/0229-09a.jpg 1300w, https:\/\/wgphoto.pl\/t\/wp-content\/uploads\/2025\/06\/0229-09a-300x199.jpg 300w, https:\/\/wgphoto.pl\/t\/wp-content\/uploads\/2025\/06\/0229-09a-768x509.jpg 768w\" sizes=\"auto, (max-width: 1300px) 100vw, 1300px\" \/><\/figure>\n\n\n\n<div class=\"wp-block-group has-global-padding is-layout-constrained wp-block-group-is-layout-constrained\">\n<p>Wroc\u0142awska si\u00f3demka EU07-197 z poci\u0105giem IC42\/37001 &#8222;Wawel&#8221; z Krakowa G\u0142\u00f3wnego do Hamburga-Altony chwil\u0119 po mini\u0119ciu stacji Wroc\u0142aw Le\u015bnica. 28.11.2002<\/p>\n<\/div>\n","protected":false},"excerpt":{"rendered":"<p>Wroc\u0142awska si\u00f3demka EU07-197 z poci\u0105giem IC42\/37001 &#8222;Wawel&#8221; z Krakowa G\u0142\u00f3wnego do Hamburga-Altony chwil\u0119 po mini\u0119ciu stacji Wroc\u0142aw Le\u015bnica. 28.11.2002<\/p>\n","protected":false},"author":1,"featured_media":19023,"comment_status":"open","ping_status":"","sticky":false,"template":"","format":"standard","meta":{"footnotes":""},"categories":[62,2,577],"tags":[3923,122,63,27,233,41,926],"class_list":["post-19022","post","type-post","status-publish","format-standard","has-post-thumbnail","hentry","category-analog","category-kolej","category-rok-2002","tag-2002-11-28","tag-eu07","tag-pkp","tag-polska","tag-tab-pl260","tag-wroclaw","tag-wroclaw-lesnica"],"_links":{"self":[{"href":"https:\/\/wgphoto.pl\/t\/index.php?rest_route=\/wp\/v2\/posts\/19022","targetHints":{"allow":["GET"]}}],"collection":[{"href":"https:\/\/wgphoto.pl\/t\/index.php?rest_route=\/wp\/v2\/posts"}],"about":[{"href":"https:\/\/wgphoto.pl\/t\/index.php?rest_route=\/wp\/v2\/types\/post"}],"author":[{"embeddable":true,"href":"https:\/\/wgphoto.pl\/t\/index.php?rest_route=\/wp\/v2\/users\/1"}],"replies":[{"embeddable":true,"href":"https:\/\/wgphoto.pl\/t\/index.php?rest_route=%2Fwp%2Fv2%2Fcomments&post=19022"}],"version-history":[{"count":1,"href":"https:\/\/wgphoto.pl\/t\/index.php?rest_route=\/wp\/v2\/posts\/19022\/revisions"}],"predecessor-version":[{"id":19024,"href":"https:\/\/wgphoto.pl\/t\/index.php?rest_route=\/wp\/v2\/posts\/19022\/revisions\/19024"}],"wp:featuredmedia":[{"embeddable":true,"href":"https:\/\/wgphoto.pl\/t\/index.php?rest_route=\/wp\/v2\/media\/19023"}],"wp:attachment":[{"href":"https:\/\/wgphoto.pl\/t\/index.php?rest_route=%2Fwp%2Fv2%2Fmedia&parent=19022"}],"wp:term":[{"taxonomy":"category","embeddable":true,"href":"https:\/\/wgphoto.pl\/t\/index.php?rest_route=%2Fwp%2Fv2%2Fcategories&post=19022"},{"taxonomy":"post_tag","embeddable":true,"href":"https:\/\/wgphoto.pl\/t\/index.php?rest_route=%2Fwp%2Fv2%2Ftags&post=19022"}],"curies":[{"name":"wp","href":"https:\/\/api.w.org\/{rel}","templated":true}]}}