{"id":19032,"date":"2025-06-27T21:54:39","date_gmt":"2025-06-27T19:54:39","guid":{"rendered":"https:\/\/wgphoto.pl\/t\/?p=19032"},"modified":"2025-06-27T21:54:39","modified_gmt":"2025-06-27T19:54:39","slug":"eu07-052","status":"publish","type":"post","link":"https:\/\/wgphoto.pl\/t\/?p=19032","title":{"rendered":"EU07-052"},"content":{"rendered":"\n<figure class=\"wp-block-image aligncenter size-full\"><img loading=\"lazy\" decoding=\"async\" width=\"1200\" height=\"800\" src=\"https:\/\/wgphoto.pl\/t\/wp-content\/uploads\/2025\/06\/DSCF6976.jpg\" alt=\"\" class=\"wp-image-19034\" srcset=\"https:\/\/wgphoto.pl\/t\/wp-content\/uploads\/2025\/06\/DSCF6976.jpg 1200w, https:\/\/wgphoto.pl\/t\/wp-content\/uploads\/2025\/06\/DSCF6976-300x200.jpg 300w, https:\/\/wgphoto.pl\/t\/wp-content\/uploads\/2025\/06\/DSCF6976-768x512.jpg 768w\" sizes=\"auto, (max-width: 1200px) 100vw, 1200px\" \/><\/figure>\n\n\n\n<div class=\"wp-block-group has-global-padding is-layout-constrained wp-block-group-is-layout-constrained\">\n<p>EU07-052 z poci\u0105giem 7622\/3 RegioPlus &#8222;Szczeliniec&#8221; z Poznania G\u0142. do Kudowy-Zdroju i Szklarskiej Por\u0119by G\u00f3rnej po zmianie kierunku czeka na odjazd z Wroc\u0142awia Nadodrza. Poci\u0105g dotar\u0142 tu \u0142\u0105cznic\u0105 z Wroc\u0142awia Popowic, a objazd by\u0142 spowodowany wykolejeniem innego poci\u0105gu na Miko\u0142ajowie. 15.05.2008<\/p>\n<\/div>\n","protected":false},"excerpt":{"rendered":"<p>EU07-052 z poci\u0105giem 7622\/3 RegioPlus &#8222;Szczeliniec&#8221; z Poznania G\u0142. do Kudowy-Zdroju i Szklarskiej Por\u0119by G\u00f3rnej po zmianie kierunku czeka na odjazd z Wroc\u0142awia Nadodrza. Poci\u0105g dotar\u0142 tu \u0142\u0105cznic\u0105 z Wroc\u0142awia Popowic, a objazd by\u0142 spowodowany wykolejeniem innego poci\u0105gu na Miko\u0142ajowie. 15.05.2008<\/p>\n","protected":false},"author":1,"featured_media":19034,"comment_status":"open","ping_status":"","sticky":false,"template":"","format":"standard","meta":{"footnotes":""},"categories":[2,120],"tags":[4075,122,63,27,246,41,245],"class_list":["post-19032","post","type-post","status-publish","format-standard","has-post-thumbnail","hentry","category-kolej","category-rok-2008","tag-2008-05-15","tag-eu07","tag-pkp","tag-polska","tag-tab-pl200","tag-wroclaw","tag-wroclaw-nadodrze"],"_links":{"self":[{"href":"https:\/\/wgphoto.pl\/t\/index.php?rest_route=\/wp\/v2\/posts\/19032","targetHints":{"allow":["GET"]}}],"collection":[{"href":"https:\/\/wgphoto.pl\/t\/index.php?rest_route=\/wp\/v2\/posts"}],"about":[{"href":"https:\/\/wgphoto.pl\/t\/index.php?rest_route=\/wp\/v2\/types\/post"}],"author":[{"embeddable":true,"href":"https:\/\/wgphoto.pl\/t\/index.php?rest_route=\/wp\/v2\/users\/1"}],"replies":[{"embeddable":true,"href":"https:\/\/wgphoto.pl\/t\/index.php?rest_route=%2Fwp%2Fv2%2Fcomments&post=19032"}],"version-history":[{"count":1,"href":"https:\/\/wgphoto.pl\/t\/index.php?rest_route=\/wp\/v2\/posts\/19032\/revisions"}],"predecessor-version":[{"id":19035,"href":"https:\/\/wgphoto.pl\/t\/index.php?rest_route=\/wp\/v2\/posts\/19032\/revisions\/19035"}],"wp:featuredmedia":[{"embeddable":true,"href":"https:\/\/wgphoto.pl\/t\/index.php?rest_route=\/wp\/v2\/media\/19034"}],"wp:attachment":[{"href":"https:\/\/wgphoto.pl\/t\/index.php?rest_route=%2Fwp%2Fv2%2Fmedia&parent=19032"}],"wp:term":[{"taxonomy":"category","embeddable":true,"href":"https:\/\/wgphoto.pl\/t\/index.php?rest_route=%2Fwp%2Fv2%2Fcategories&post=19032"},{"taxonomy":"post_tag","embeddable":true,"href":"https:\/\/wgphoto.pl\/t\/index.php?rest_route=%2Fwp%2Fv2%2Ftags&post=19032"}],"curies":[{"name":"wp","href":"https:\/\/api.w.org\/{rel}","templated":true}]}}