{"id":19039,"date":"2025-06-27T21:56:49","date_gmt":"2025-06-27T19:56:49","guid":{"rendered":"https:\/\/wgphoto.pl\/t\/?p=19039"},"modified":"2025-06-27T21:56:49","modified_gmt":"2025-06-27T19:56:49","slug":"powtorki-nie-bedzie-2","status":"publish","type":"post","link":"https:\/\/wgphoto.pl\/t\/?p=19039","title":{"rendered":"Powt\u00f3rki nie b\u0119dzie"},"content":{"rendered":"\n<figure class=\"wp-block-image aligncenter size-full\"><img loading=\"lazy\" decoding=\"async\" width=\"1300\" height=\"862\" src=\"https:\/\/wgphoto.pl\/t\/wp-content\/uploads\/2025\/06\/0305-10.jpg\" alt=\"\" class=\"wp-image-19040\" srcset=\"https:\/\/wgphoto.pl\/t\/wp-content\/uploads\/2025\/06\/0305-10.jpg 1300w, https:\/\/wgphoto.pl\/t\/wp-content\/uploads\/2025\/06\/0305-10-300x199.jpg 300w, https:\/\/wgphoto.pl\/t\/wp-content\/uploads\/2025\/06\/0305-10-768x509.jpg 768w\" sizes=\"auto, (max-width: 1300px) 100vw, 1300px\" \/><\/figure>\n\n\n\n<div class=\"wp-block-group has-global-padding is-layout-constrained wp-block-group-is-layout-constrained\">\n<p>Wroc\u0142aw, p\u0119tla Osobowice, 102Na 2026 zaraz wyruszy w kurs linii 36 na Grabiszynek. Nie ogarn\u0105\u0142em odblask\u00f3w, a mo\u017ce to zenitowy Helios nie by\u0142 w stanie tego ogarn\u0105\u0107, w ka\u017cdym razie powt\u00f3rki nie b\u0119dzie. 22.02.2003<\/p>\n<\/div>\n","protected":false},"excerpt":{"rendered":"<p>Wroc\u0142aw, p\u0119tla Osobowice, 102Na 2026 zaraz wyruszy w kurs linii 36 na Grabiszynek. Nie ogarn\u0105\u0142em odblask\u00f3w, a mo\u017ce to zenitowy Helios nie by\u0142 w stanie tego ogarn\u0105\u0107, w ka\u017cdym razie powt\u00f3rki nie b\u0119dzie. 22.02.2003<\/p>\n","protected":false},"author":1,"featured_media":19040,"comment_status":"open","ping_status":"","sticky":false,"template":"","format":"standard","meta":{"footnotes":""},"categories":[62,149,3],"tags":[1566,309,42,154,27,41,846],"class_list":["post-19039","post","type-post","status-publish","format-standard","has-post-thumbnail","hentry","category-analog","category-rok-2003","category-tramwaj","tag-2003-02-22","tag-konstal-102na","tag-mpk-wroclaw","tag-noc","tag-polska","tag-wroclaw","tag-wroclawskie-linie-nocne"],"_links":{"self":[{"href":"https:\/\/wgphoto.pl\/t\/index.php?rest_route=\/wp\/v2\/posts\/19039","targetHints":{"allow":["GET"]}}],"collection":[{"href":"https:\/\/wgphoto.pl\/t\/index.php?rest_route=\/wp\/v2\/posts"}],"about":[{"href":"https:\/\/wgphoto.pl\/t\/index.php?rest_route=\/wp\/v2\/types\/post"}],"author":[{"embeddable":true,"href":"https:\/\/wgphoto.pl\/t\/index.php?rest_route=\/wp\/v2\/users\/1"}],"replies":[{"embeddable":true,"href":"https:\/\/wgphoto.pl\/t\/index.php?rest_route=%2Fwp%2Fv2%2Fcomments&post=19039"}],"version-history":[{"count":1,"href":"https:\/\/wgphoto.pl\/t\/index.php?rest_route=\/wp\/v2\/posts\/19039\/revisions"}],"predecessor-version":[{"id":19041,"href":"https:\/\/wgphoto.pl\/t\/index.php?rest_route=\/wp\/v2\/posts\/19039\/revisions\/19041"}],"wp:featuredmedia":[{"embeddable":true,"href":"https:\/\/wgphoto.pl\/t\/index.php?rest_route=\/wp\/v2\/media\/19040"}],"wp:attachment":[{"href":"https:\/\/wgphoto.pl\/t\/index.php?rest_route=%2Fwp%2Fv2%2Fmedia&parent=19039"}],"wp:term":[{"taxonomy":"category","embeddable":true,"href":"https:\/\/wgphoto.pl\/t\/index.php?rest_route=%2Fwp%2Fv2%2Fcategories&post=19039"},{"taxonomy":"post_tag","embeddable":true,"href":"https:\/\/wgphoto.pl\/t\/index.php?rest_route=%2Fwp%2Fv2%2Ftags&post=19039"}],"curies":[{"name":"wp","href":"https:\/\/api.w.org\/{rel}","templated":true}]}}