{"id":19052,"date":"2025-06-28T11:56:03","date_gmt":"2025-06-28T09:56:03","guid":{"rendered":"https:\/\/wgphoto.pl\/t\/?p=19052"},"modified":"2025-06-28T11:56:03","modified_gmt":"2025-06-28T09:56:03","slug":"z-elementem-infrastruktury-3","status":"publish","type":"post","link":"https:\/\/wgphoto.pl\/t\/?p=19052","title":{"rendered":"Z elementem infrastruktury"},"content":{"rendered":"\n<figure class=\"wp-block-image aligncenter size-full\"><img loading=\"lazy\" decoding=\"async\" width=\"750\" height=\"1000\" src=\"https:\/\/wgphoto.pl\/t\/wp-content\/uploads\/2025\/06\/0304-031A.jpg\" alt=\"\" class=\"wp-image-19053\" srcset=\"https:\/\/wgphoto.pl\/t\/wp-content\/uploads\/2025\/06\/0304-031A.jpg 750w, https:\/\/wgphoto.pl\/t\/wp-content\/uploads\/2025\/06\/0304-031A-225x300.jpg 225w\" sizes=\"auto, (max-width: 750px) 100vw, 750px\" \/><\/figure>\n\n\n\n<div class=\"wp-block-group has-global-padding is-layout-constrained wp-block-group-is-layout-constrained\">\n<p>EP07-476 z CM Wroc\u0142aw z poci\u0105giem Ex 6511 &#8222;Pomorzanin&#8221; z Gdyni do Wroc\u0142awia p\u0119dzi szlakiem Szewce &#8211; Wroc\u0142aw Osobowice. Niekt\u00f3re kadry sprzed lat naprawd\u0119 mi si\u0119 podobaj\u0105. \ud83d\ude42 13.02.2003<\/p>\n<\/div>\n","protected":false},"excerpt":{"rendered":"<p>EP07-476 z CM Wroc\u0142aw z poci\u0105giem Ex 6511 &#8222;Pomorzanin&#8221; z Gdyni do Wroc\u0142awia p\u0119dzi szlakiem Szewce &#8211; Wroc\u0142aw Osobowice. Niekt\u00f3re kadry sprzed lat naprawd\u0119 mi si\u0119 podobaj\u0105. \ud83d\ude42 13.02.2003<\/p>\n","protected":false},"author":1,"featured_media":19053,"comment_status":"open","ping_status":"","sticky":false,"template":"","format":"standard","meta":{"footnotes":""},"categories":[62,2,128,149],"tags":[1653,124,230,63,27,181,190,41,843],"class_list":["post-19052","post","type-post","status-publish","format-standard","has-post-thumbnail","hentry","category-analog","category-kolej","category-pionowe","category-rok-2003","tag-2003-02-13","tag-ep07","tag-infrastruktura","tag-pkp","tag-polska","tag-slonce","tag-tab-pl330","tag-wroclaw","tag-wroclaw-swiniary"],"_links":{"self":[{"href":"https:\/\/wgphoto.pl\/t\/index.php?rest_route=\/wp\/v2\/posts\/19052","targetHints":{"allow":["GET"]}}],"collection":[{"href":"https:\/\/wgphoto.pl\/t\/index.php?rest_route=\/wp\/v2\/posts"}],"about":[{"href":"https:\/\/wgphoto.pl\/t\/index.php?rest_route=\/wp\/v2\/types\/post"}],"author":[{"embeddable":true,"href":"https:\/\/wgphoto.pl\/t\/index.php?rest_route=\/wp\/v2\/users\/1"}],"replies":[{"embeddable":true,"href":"https:\/\/wgphoto.pl\/t\/index.php?rest_route=%2Fwp%2Fv2%2Fcomments&post=19052"}],"version-history":[{"count":1,"href":"https:\/\/wgphoto.pl\/t\/index.php?rest_route=\/wp\/v2\/posts\/19052\/revisions"}],"predecessor-version":[{"id":19054,"href":"https:\/\/wgphoto.pl\/t\/index.php?rest_route=\/wp\/v2\/posts\/19052\/revisions\/19054"}],"wp:featuredmedia":[{"embeddable":true,"href":"https:\/\/wgphoto.pl\/t\/index.php?rest_route=\/wp\/v2\/media\/19053"}],"wp:attachment":[{"href":"https:\/\/wgphoto.pl\/t\/index.php?rest_route=%2Fwp%2Fv2%2Fmedia&parent=19052"}],"wp:term":[{"taxonomy":"category","embeddable":true,"href":"https:\/\/wgphoto.pl\/t\/index.php?rest_route=%2Fwp%2Fv2%2Fcategories&post=19052"},{"taxonomy":"post_tag","embeddable":true,"href":"https:\/\/wgphoto.pl\/t\/index.php?rest_route=%2Fwp%2Fv2%2Ftags&post=19052"}],"curies":[{"name":"wp","href":"https:\/\/api.w.org\/{rel}","templated":true}]}}