{"id":19055,"date":"2025-06-28T11:57:04","date_gmt":"2025-06-28T09:57:04","guid":{"rendered":"https:\/\/wgphoto.pl\/t\/?p=19055"},"modified":"2025-06-28T11:57:04","modified_gmt":"2025-06-28T09:57:04","slug":"kochajmy-niedoskonalosci","status":"publish","type":"post","link":"https:\/\/wgphoto.pl\/t\/?p=19055","title":{"rendered":"Kochajmy niedoskona\u0142o\u015bci"},"content":{"rendered":"\n<figure class=\"wp-block-image aligncenter size-full\"><img loading=\"lazy\" decoding=\"async\" width=\"1200\" height=\"803\" src=\"https:\/\/wgphoto.pl\/t\/wp-content\/uploads\/2025\/06\/IMGP6681.jpg\" alt=\"\" class=\"wp-image-19056\" srcset=\"https:\/\/wgphoto.pl\/t\/wp-content\/uploads\/2025\/06\/IMGP6681.jpg 1200w, https:\/\/wgphoto.pl\/t\/wp-content\/uploads\/2025\/06\/IMGP6681-300x201.jpg 300w, https:\/\/wgphoto.pl\/t\/wp-content\/uploads\/2025\/06\/IMGP6681-768x514.jpg 768w\" sizes=\"auto, (max-width: 1200px) 100vw, 1200px\" \/><\/figure>\n\n\n\n<div class=\"wp-block-group has-global-padding is-layout-constrained wp-block-group-is-layout-constrained\">\n<p>Stacja Cit\u00e9 w Pary\u017cu na linii M4. Ubolewam nad niedoskona\u0142o\u015bci\u0105 techniczn\u0105, ale i tak mi si\u0119 podoba. \ud83d\ude09 01.09.2010<\/p>\n<\/div>\n","protected":false},"excerpt":{"rendered":"<p>Stacja Cit\u00e9 w Pary\u017cu na linii M4. Ubolewam nad niedoskona\u0142o\u015bci\u0105 techniczn\u0105, ale i tak mi si\u0119 podoba. \ud83d\ude09 01.09.2010<\/p>\n","protected":false},"author":1,"featured_media":19056,"comment_status":"open","ping_status":"","sticky":false,"template":"","format":"standard","meta":{"footnotes":""},"categories":[4,86],"tags":[414,415,2982,416,2983,15],"class_list":["post-19055","post","type-post","status-publish","format-standard","has-post-thumbnail","hentry","category-metro","category-rok-2010","tag-2010-09-01","tag-francja","tag-metro-de-paris","tag-paryz","tag-ratp-paris","tag-tunel"],"_links":{"self":[{"href":"https:\/\/wgphoto.pl\/t\/index.php?rest_route=\/wp\/v2\/posts\/19055","targetHints":{"allow":["GET"]}}],"collection":[{"href":"https:\/\/wgphoto.pl\/t\/index.php?rest_route=\/wp\/v2\/posts"}],"about":[{"href":"https:\/\/wgphoto.pl\/t\/index.php?rest_route=\/wp\/v2\/types\/post"}],"author":[{"embeddable":true,"href":"https:\/\/wgphoto.pl\/t\/index.php?rest_route=\/wp\/v2\/users\/1"}],"replies":[{"embeddable":true,"href":"https:\/\/wgphoto.pl\/t\/index.php?rest_route=%2Fwp%2Fv2%2Fcomments&post=19055"}],"version-history":[{"count":1,"href":"https:\/\/wgphoto.pl\/t\/index.php?rest_route=\/wp\/v2\/posts\/19055\/revisions"}],"predecessor-version":[{"id":19057,"href":"https:\/\/wgphoto.pl\/t\/index.php?rest_route=\/wp\/v2\/posts\/19055\/revisions\/19057"}],"wp:featuredmedia":[{"embeddable":true,"href":"https:\/\/wgphoto.pl\/t\/index.php?rest_route=\/wp\/v2\/media\/19056"}],"wp:attachment":[{"href":"https:\/\/wgphoto.pl\/t\/index.php?rest_route=%2Fwp%2Fv2%2Fmedia&parent=19055"}],"wp:term":[{"taxonomy":"category","embeddable":true,"href":"https:\/\/wgphoto.pl\/t\/index.php?rest_route=%2Fwp%2Fv2%2Fcategories&post=19055"},{"taxonomy":"post_tag","embeddable":true,"href":"https:\/\/wgphoto.pl\/t\/index.php?rest_route=%2Fwp%2Fv2%2Ftags&post=19055"}],"curies":[{"name":"wp","href":"https:\/\/api.w.org\/{rel}","templated":true}]}}