{"id":19068,"date":"2025-06-28T12:04:06","date_gmt":"2025-06-28T10:04:06","guid":{"rendered":"https:\/\/wgphoto.pl\/t\/?p=19068"},"modified":"2025-06-28T12:04:06","modified_gmt":"2025-06-28T10:04:06","slug":"wiszace-ogrody","status":"publish","type":"post","link":"https:\/\/wgphoto.pl\/t\/?p=19068","title":{"rendered":"Wisz\u0105ce ogrody"},"content":{"rendered":"\n<figure class=\"wp-block-image aligncenter size-full\"><img loading=\"lazy\" decoding=\"async\" width=\"750\" height=\"1000\" src=\"https:\/\/wgphoto.pl\/t\/wp-content\/uploads\/2025\/06\/0325-16.jpg\" alt=\"\" class=\"wp-image-19069\" srcset=\"https:\/\/wgphoto.pl\/t\/wp-content\/uploads\/2025\/06\/0325-16.jpg 750w, https:\/\/wgphoto.pl\/t\/wp-content\/uploads\/2025\/06\/0325-16-225x300.jpg 225w\" sizes=\"auto, (max-width: 750px) 100vw, 750px\" \/><\/figure>\n\n\n\n<div class=\"wp-block-group has-global-padding is-layout-constrained wp-block-group-is-layout-constrained\">\n<p>Szczecin, ul. D\u0119bog\u00f3rska, 105Na 1003+1004. Zanim Szczecin wymy\u015bli\u0142 sobie <em>floating garden<\/em>, mia\u0142 ju\u017c wisz\u0105ce ogrody na jakich\u015b ruinach. 24.07.2003<\/p>\n<\/div>\n","protected":false},"excerpt":{"rendered":"<p>Szczecin, ul. D\u0119bog\u00f3rska, 105Na 1003+1004. Zanim Szczecin wymy\u015bli\u0142 sobie floating garden, mia\u0142 ju\u017c wisz\u0105ce ogrody na jakich\u015b ruinach. 24.07.2003<\/p>\n","protected":false},"author":1,"featured_media":19069,"comment_status":"open","ping_status":"","sticky":false,"template":"","format":"standard","meta":{"footnotes":""},"categories":[62,128,149,3],"tags":[155,1627,740,27,301],"class_list":["post-19068","post","type-post","status-publish","format-standard","has-post-thumbnail","hentry","category-analog","category-pionowe","category-rok-2003","category-tramwaj","tag-105na","tag-2003-07-24","tag-mzk-szczecin","tag-polska","tag-szczecin"],"_links":{"self":[{"href":"https:\/\/wgphoto.pl\/t\/index.php?rest_route=\/wp\/v2\/posts\/19068","targetHints":{"allow":["GET"]}}],"collection":[{"href":"https:\/\/wgphoto.pl\/t\/index.php?rest_route=\/wp\/v2\/posts"}],"about":[{"href":"https:\/\/wgphoto.pl\/t\/index.php?rest_route=\/wp\/v2\/types\/post"}],"author":[{"embeddable":true,"href":"https:\/\/wgphoto.pl\/t\/index.php?rest_route=\/wp\/v2\/users\/1"}],"replies":[{"embeddable":true,"href":"https:\/\/wgphoto.pl\/t\/index.php?rest_route=%2Fwp%2Fv2%2Fcomments&post=19068"}],"version-history":[{"count":1,"href":"https:\/\/wgphoto.pl\/t\/index.php?rest_route=\/wp\/v2\/posts\/19068\/revisions"}],"predecessor-version":[{"id":19070,"href":"https:\/\/wgphoto.pl\/t\/index.php?rest_route=\/wp\/v2\/posts\/19068\/revisions\/19070"}],"wp:featuredmedia":[{"embeddable":true,"href":"https:\/\/wgphoto.pl\/t\/index.php?rest_route=\/wp\/v2\/media\/19069"}],"wp:attachment":[{"href":"https:\/\/wgphoto.pl\/t\/index.php?rest_route=%2Fwp%2Fv2%2Fmedia&parent=19068"}],"wp:term":[{"taxonomy":"category","embeddable":true,"href":"https:\/\/wgphoto.pl\/t\/index.php?rest_route=%2Fwp%2Fv2%2Fcategories&post=19068"},{"taxonomy":"post_tag","embeddable":true,"href":"https:\/\/wgphoto.pl\/t\/index.php?rest_route=%2Fwp%2Fv2%2Ftags&post=19068"}],"curies":[{"name":"wp","href":"https:\/\/api.w.org\/{rel}","templated":true}]}}