{"id":19080,"date":"2025-06-28T12:12:23","date_gmt":"2025-06-28T10:12:23","guid":{"rendered":"https:\/\/wgphoto.pl\/t\/?p=19080"},"modified":"2025-06-28T12:12:23","modified_gmt":"2025-06-28T10:12:23","slug":"powrot-wisly-z-wisly","status":"publish","type":"post","link":"https:\/\/wgphoto.pl\/t\/?p=19080","title":{"rendered":"Powr\u00f3t &#8222;Wis\u0142y&#8221; z Wis\u0142y"},"content":{"rendered":"\n<figure class=\"wp-block-image aligncenter size-full\"><img loading=\"lazy\" decoding=\"async\" width=\"1300\" height=\"862\" src=\"https:\/\/wgphoto.pl\/t\/wp-content\/uploads\/2025\/06\/0534-17.jpg\" alt=\"\" class=\"wp-image-19081\" srcset=\"https:\/\/wgphoto.pl\/t\/wp-content\/uploads\/2025\/06\/0534-17.jpg 1300w, https:\/\/wgphoto.pl\/t\/wp-content\/uploads\/2025\/06\/0534-17-300x199.jpg 300w, https:\/\/wgphoto.pl\/t\/wp-content\/uploads\/2025\/06\/0534-17-768x509.jpg 768w\" sizes=\"auto, (max-width: 1300px) 100vw, 1300px\" \/><\/figure>\n\n\n\n<div class=\"wp-block-group has-global-padding is-layout-constrained wp-block-group-is-layout-constrained\">\n<p>Poci\u0105g Ex 41410 &#8222;Wis\u0142a&#8221; z Wis\u0142y-G\u0142\u0119biec do Warszawy Wschodniej, prowadzony EP09-034, pokonuje most tu\u017c za stacj\u0105 pocz\u0105tkow\u0105. 30.12.2005<\/p>\n<\/div>\n","protected":false},"excerpt":{"rendered":"<p>Poci\u0105g Ex 41410 &#8222;Wis\u0142a&#8221; z Wis\u0142y-G\u0142\u0119biec do Warszawy Wschodniej, prowadzony EP09-034, pokonuje most tu\u017c za stacj\u0105 pocz\u0105tkow\u0105. 30.12.2005<\/p>\n","protected":false},"author":1,"featured_media":19081,"comment_status":"open","ping_status":"","sticky":false,"template":"","format":"standard","meta":{"footnotes":""},"categories":[62,2,311],"tags":[2348,2461,45,63,27,44,2347,2533],"class_list":["post-19080","post","type-post","status-publish","format-standard","has-post-thumbnail","hentry","category-analog","category-kolej","category-rok-2005","tag-2005-12-30","tag-ep09","tag-most","tag-pkp","tag-polska","tag-snieg","tag-tab-pl146","tag-wisla-glebce-2"],"_links":{"self":[{"href":"https:\/\/wgphoto.pl\/t\/index.php?rest_route=\/wp\/v2\/posts\/19080","targetHints":{"allow":["GET"]}}],"collection":[{"href":"https:\/\/wgphoto.pl\/t\/index.php?rest_route=\/wp\/v2\/posts"}],"about":[{"href":"https:\/\/wgphoto.pl\/t\/index.php?rest_route=\/wp\/v2\/types\/post"}],"author":[{"embeddable":true,"href":"https:\/\/wgphoto.pl\/t\/index.php?rest_route=\/wp\/v2\/users\/1"}],"replies":[{"embeddable":true,"href":"https:\/\/wgphoto.pl\/t\/index.php?rest_route=%2Fwp%2Fv2%2Fcomments&post=19080"}],"version-history":[{"count":1,"href":"https:\/\/wgphoto.pl\/t\/index.php?rest_route=\/wp\/v2\/posts\/19080\/revisions"}],"predecessor-version":[{"id":19082,"href":"https:\/\/wgphoto.pl\/t\/index.php?rest_route=\/wp\/v2\/posts\/19080\/revisions\/19082"}],"wp:featuredmedia":[{"embeddable":true,"href":"https:\/\/wgphoto.pl\/t\/index.php?rest_route=\/wp\/v2\/media\/19081"}],"wp:attachment":[{"href":"https:\/\/wgphoto.pl\/t\/index.php?rest_route=%2Fwp%2Fv2%2Fmedia&parent=19080"}],"wp:term":[{"taxonomy":"category","embeddable":true,"href":"https:\/\/wgphoto.pl\/t\/index.php?rest_route=%2Fwp%2Fv2%2Fcategories&post=19080"},{"taxonomy":"post_tag","embeddable":true,"href":"https:\/\/wgphoto.pl\/t\/index.php?rest_route=%2Fwp%2Fv2%2Ftags&post=19080"}],"curies":[{"name":"wp","href":"https:\/\/api.w.org\/{rel}","templated":true}]}}