{"id":19098,"date":"2025-06-28T12:39:38","date_gmt":"2025-06-28T10:39:38","guid":{"rendered":"https:\/\/wgphoto.pl\/t\/?p=19098"},"modified":"2025-06-28T12:40:36","modified_gmt":"2025-06-28T10:40:36","slug":"bombardier-ngtd12dd-2831","status":"publish","type":"post","link":"https:\/\/wgphoto.pl\/t\/?p=19098","title":{"rendered":"Bombardier NGTD12DD 2831"},"content":{"rendered":"\n<figure class=\"wp-block-image aligncenter size-full\"><img loading=\"lazy\" decoding=\"async\" width=\"1300\" height=\"870\" src=\"https:\/\/wgphoto.pl\/t\/wp-content\/uploads\/2025\/06\/IMGP1407.jpg\" alt=\"\" class=\"wp-image-19099\" srcset=\"https:\/\/wgphoto.pl\/t\/wp-content\/uploads\/2025\/06\/IMGP1407.jpg 1300w, https:\/\/wgphoto.pl\/t\/wp-content\/uploads\/2025\/06\/IMGP1407-300x201.jpg 300w, https:\/\/wgphoto.pl\/t\/wp-content\/uploads\/2025\/06\/IMGP1407-768x514.jpg 768w\" sizes=\"auto, (max-width: 1300px) 100vw, 1300px\" \/><\/figure>\n\n\n\n<div class=\"wp-block-group has-global-padding is-layout-constrained wp-block-group-is-layout-constrained\">\n<p>Drezno, Fritz-L\u00f6ffler-Stra\u00dfe (lub te\u017c Am Hauptbahnhof), NGTD12DD 2831 na przystanku przy dworcu g\u0142\u00f3wnym, za nim stoi kr\u00f3tszy w\u00f3z typu NGTD8DD. 29.12.2009<\/p>\n<\/div>\n","protected":false},"excerpt":{"rendered":"<p>Drezno, Fritz-L\u00f6ffler-Stra\u00dfe (lub te\u017c Am Hauptbahnhof), NGTD12DD 2831 na przystanku przy dworcu g\u0142\u00f3wnym, za nim stoi kr\u00f3tszy w\u00f3z typu NGTD8DD. 29.12.2009<\/p>\n","protected":false},"author":1,"featured_media":19099,"comment_status":"open","ping_status":"","sticky":false,"template":"","format":"standard","meta":{"footnotes":""},"categories":[169,3],"tags":[852,1126,851,850,23,154,143],"class_list":["post-19098","post","type-post","status-publish","format-standard","has-post-thumbnail","hentry","category-rok-2009","category-tramwaj","tag-2009-12-29","tag-bombardier-flexity-classic","tag-drezno","tag-dvb-dresden","tag-niemcy","tag-noc","tag-ponad-30m"],"_links":{"self":[{"href":"https:\/\/wgphoto.pl\/t\/index.php?rest_route=\/wp\/v2\/posts\/19098","targetHints":{"allow":["GET"]}}],"collection":[{"href":"https:\/\/wgphoto.pl\/t\/index.php?rest_route=\/wp\/v2\/posts"}],"about":[{"href":"https:\/\/wgphoto.pl\/t\/index.php?rest_route=\/wp\/v2\/types\/post"}],"author":[{"embeddable":true,"href":"https:\/\/wgphoto.pl\/t\/index.php?rest_route=\/wp\/v2\/users\/1"}],"replies":[{"embeddable":true,"href":"https:\/\/wgphoto.pl\/t\/index.php?rest_route=%2Fwp%2Fv2%2Fcomments&post=19098"}],"version-history":[{"count":2,"href":"https:\/\/wgphoto.pl\/t\/index.php?rest_route=\/wp\/v2\/posts\/19098\/revisions"}],"predecessor-version":[{"id":19101,"href":"https:\/\/wgphoto.pl\/t\/index.php?rest_route=\/wp\/v2\/posts\/19098\/revisions\/19101"}],"wp:featuredmedia":[{"embeddable":true,"href":"https:\/\/wgphoto.pl\/t\/index.php?rest_route=\/wp\/v2\/media\/19099"}],"wp:attachment":[{"href":"https:\/\/wgphoto.pl\/t\/index.php?rest_route=%2Fwp%2Fv2%2Fmedia&parent=19098"}],"wp:term":[{"taxonomy":"category","embeddable":true,"href":"https:\/\/wgphoto.pl\/t\/index.php?rest_route=%2Fwp%2Fv2%2Fcategories&post=19098"},{"taxonomy":"post_tag","embeddable":true,"href":"https:\/\/wgphoto.pl\/t\/index.php?rest_route=%2Fwp%2Fv2%2Ftags&post=19098"}],"curies":[{"name":"wp","href":"https:\/\/api.w.org\/{rel}","templated":true}]}}