{"id":19108,"date":"2025-06-28T12:43:48","date_gmt":"2025-06-28T10:43:48","guid":{"rendered":"https:\/\/wgphoto.pl\/t\/?p=19108"},"modified":"2025-06-28T12:43:48","modified_gmt":"2025-06-28T10:43:48","slug":"s2-tramwajowe","status":"publish","type":"post","link":"https:\/\/wgphoto.pl\/t\/?p=19108","title":{"rendered":"S2 tramwajowe"},"content":{"rendered":"\n<figure class=\"wp-block-image aligncenter size-full\"><img loading=\"lazy\" decoding=\"async\" width=\"1300\" height=\"861\" src=\"https:\/\/wgphoto.pl\/t\/wp-content\/uploads\/2025\/06\/IMGP9363.jpg\" alt=\"\" class=\"wp-image-19109\" srcset=\"https:\/\/wgphoto.pl\/t\/wp-content\/uploads\/2025\/06\/IMGP9363.jpg 1300w, https:\/\/wgphoto.pl\/t\/wp-content\/uploads\/2025\/06\/IMGP9363-300x199.jpg 300w, https:\/\/wgphoto.pl\/t\/wp-content\/uploads\/2025\/06\/IMGP9363-768x509.jpg 768w\" sizes=\"auto, (max-width: 1300px) 100vw, 1300px\" \/><\/figure>\n\n\n\n<div class=\"wp-block-group has-global-padding is-layout-constrained wp-block-group-is-layout-constrained\">\n<p>Duewag GT8-70DN nr 310 wje\u017cd\u017ca na podziemn\u0105 stacj\u0119 Europaplatz w Karlsruhe. 23.08.2022<\/p>\n<\/div>\n","protected":false},"excerpt":{"rendered":"<p>Duewag GT8-70DN nr 310 wje\u017cd\u017ca na podziemn\u0105 stacj\u0119 Europaplatz w Karlsruhe. 23.08.2022<\/p>\n","protected":false},"author":1,"featured_media":19109,"comment_status":"open","ping_status":"","sticky":false,"template":"","format":"standard","meta":{"footnotes":""},"categories":[669,3],"tags":[3875,1282,2753,23,103,3696,15,4085],"class_list":["post-19108","post","type-post","status-publish","format-standard","has-post-thumbnail","hentry","category-rok-2022","category-tramwaj","tag-2022-08-23","tag-9-euro-ticket-2022","tag-karlsruhe","tag-niemcy","tag-premetro","tag-stadtbahn-karlsruhe","tag-tunel","tag-vbk-karlsruhe"],"_links":{"self":[{"href":"https:\/\/wgphoto.pl\/t\/index.php?rest_route=\/wp\/v2\/posts\/19108","targetHints":{"allow":["GET"]}}],"collection":[{"href":"https:\/\/wgphoto.pl\/t\/index.php?rest_route=\/wp\/v2\/posts"}],"about":[{"href":"https:\/\/wgphoto.pl\/t\/index.php?rest_route=\/wp\/v2\/types\/post"}],"author":[{"embeddable":true,"href":"https:\/\/wgphoto.pl\/t\/index.php?rest_route=\/wp\/v2\/users\/1"}],"replies":[{"embeddable":true,"href":"https:\/\/wgphoto.pl\/t\/index.php?rest_route=%2Fwp%2Fv2%2Fcomments&post=19108"}],"version-history":[{"count":1,"href":"https:\/\/wgphoto.pl\/t\/index.php?rest_route=\/wp\/v2\/posts\/19108\/revisions"}],"predecessor-version":[{"id":19110,"href":"https:\/\/wgphoto.pl\/t\/index.php?rest_route=\/wp\/v2\/posts\/19108\/revisions\/19110"}],"wp:featuredmedia":[{"embeddable":true,"href":"https:\/\/wgphoto.pl\/t\/index.php?rest_route=\/wp\/v2\/media\/19109"}],"wp:attachment":[{"href":"https:\/\/wgphoto.pl\/t\/index.php?rest_route=%2Fwp%2Fv2%2Fmedia&parent=19108"}],"wp:term":[{"taxonomy":"category","embeddable":true,"href":"https:\/\/wgphoto.pl\/t\/index.php?rest_route=%2Fwp%2Fv2%2Fcategories&post=19108"},{"taxonomy":"post_tag","embeddable":true,"href":"https:\/\/wgphoto.pl\/t\/index.php?rest_route=%2Fwp%2Fv2%2Ftags&post=19108"}],"curies":[{"name":"wp","href":"https:\/\/api.w.org\/{rel}","templated":true}]}}