{"id":19117,"date":"2025-06-28T13:58:26","date_gmt":"2025-06-28T11:58:26","guid":{"rendered":"https:\/\/wgphoto.pl\/t\/?p=19117"},"modified":"2025-06-28T13:58:26","modified_gmt":"2025-06-28T11:58:26","slug":"zasniezona-teatralna","status":"publish","type":"post","link":"https:\/\/wgphoto.pl\/t\/?p=19117","title":{"rendered":"Za\u015bnie\u017cona Teatralna"},"content":{"rendered":"\n<figure class=\"wp-block-image aligncenter size-full\"><img loading=\"lazy\" decoding=\"async\" width=\"1400\" height=\"927\" src=\"https:\/\/wgphoto.pl\/t\/wp-content\/uploads\/2025\/06\/IMGP5318.jpg\" alt=\"\" class=\"wp-image-19118\" srcset=\"https:\/\/wgphoto.pl\/t\/wp-content\/uploads\/2025\/06\/IMGP5318.jpg 1400w, https:\/\/wgphoto.pl\/t\/wp-content\/uploads\/2025\/06\/IMGP5318-300x199.jpg 300w, https:\/\/wgphoto.pl\/t\/wp-content\/uploads\/2025\/06\/IMGP5318-768x509.jpg 768w\" sizes=\"auto, (max-width: 1400px) 100vw, 1400px\" \/><\/figure>\n\n\n\n<div class=\"wp-block-group has-global-padding is-layout-constrained wp-block-group-is-layout-constrained\">\n<p>Wroc\u0142aw, ul. Teatralna, \u0160koda 19T 3122. \u015awie\u017cy \u015bnieg w mie\u015bcie ostatnimi laty nie zdarza si\u0119 cz\u0119sto, tym ch\u0119tniej wykorzysta\u0142em obecno\u015b\u0107 we w\u0142a\u015bciwym miejscu i czasie z aparatem w plecaku. 02.12.2023<\/p>\n<\/div>\n","protected":false},"excerpt":{"rendered":"<p>Wroc\u0142aw, ul. Teatralna, \u0160koda 19T 3122. \u015awie\u017cy \u015bnieg w mie\u015bcie ostatnimi laty nie zdarza si\u0119 cz\u0119sto, tym ch\u0119tniej wykorzysta\u0142em obecno\u015b\u0107 we w\u0142a\u015bciwym miejscu i czasie z aparatem w plecaku. 02.12.2023<\/p>\n","protected":false},"author":1,"featured_media":19118,"comment_status":"open","ping_status":"","sticky":false,"template":"","format":"standard","meta":{"footnotes":""},"categories":[6,3],"tags":[4086,42,27,1493,216,44,41],"class_list":["post-19117","post","type-post","status-publish","format-standard","has-post-thumbnail","hentry","category-2023r","category-tramwaj","tag-2023-12-02","tag-mpk-wroclaw","tag-polska","tag-skoda-19t","tag-skoda-elektra","tag-snieg","tag-wroclaw"],"_links":{"self":[{"href":"https:\/\/wgphoto.pl\/t\/index.php?rest_route=\/wp\/v2\/posts\/19117","targetHints":{"allow":["GET"]}}],"collection":[{"href":"https:\/\/wgphoto.pl\/t\/index.php?rest_route=\/wp\/v2\/posts"}],"about":[{"href":"https:\/\/wgphoto.pl\/t\/index.php?rest_route=\/wp\/v2\/types\/post"}],"author":[{"embeddable":true,"href":"https:\/\/wgphoto.pl\/t\/index.php?rest_route=\/wp\/v2\/users\/1"}],"replies":[{"embeddable":true,"href":"https:\/\/wgphoto.pl\/t\/index.php?rest_route=%2Fwp%2Fv2%2Fcomments&post=19117"}],"version-history":[{"count":1,"href":"https:\/\/wgphoto.pl\/t\/index.php?rest_route=\/wp\/v2\/posts\/19117\/revisions"}],"predecessor-version":[{"id":19119,"href":"https:\/\/wgphoto.pl\/t\/index.php?rest_route=\/wp\/v2\/posts\/19117\/revisions\/19119"}],"wp:featuredmedia":[{"embeddable":true,"href":"https:\/\/wgphoto.pl\/t\/index.php?rest_route=\/wp\/v2\/media\/19118"}],"wp:attachment":[{"href":"https:\/\/wgphoto.pl\/t\/index.php?rest_route=%2Fwp%2Fv2%2Fmedia&parent=19117"}],"wp:term":[{"taxonomy":"category","embeddable":true,"href":"https:\/\/wgphoto.pl\/t\/index.php?rest_route=%2Fwp%2Fv2%2Fcategories&post=19117"},{"taxonomy":"post_tag","embeddable":true,"href":"https:\/\/wgphoto.pl\/t\/index.php?rest_route=%2Fwp%2Fv2%2Ftags&post=19117"}],"curies":[{"name":"wp","href":"https:\/\/api.w.org\/{rel}","templated":true}]}}