{"id":19120,"date":"2025-06-28T13:59:22","date_gmt":"2025-06-28T11:59:22","guid":{"rendered":"https:\/\/wgphoto.pl\/t\/?p=19120"},"modified":"2025-06-28T13:59:22","modified_gmt":"2025-06-28T11:59:22","slug":"krajobraz-po-odbudowie-miasta","status":"publish","type":"post","link":"https:\/\/wgphoto.pl\/t\/?p=19120","title":{"rendered":"Krajobraz po odbudowie miasta"},"content":{"rendered":"\n<figure class=\"wp-block-image aligncenter size-full\"><img loading=\"lazy\" decoding=\"async\" width=\"1400\" height=\"927\" src=\"https:\/\/wgphoto.pl\/t\/wp-content\/uploads\/2025\/06\/IMGP4487.jpg\" alt=\"\" class=\"wp-image-19121\" srcset=\"https:\/\/wgphoto.pl\/t\/wp-content\/uploads\/2025\/06\/IMGP4487.jpg 1400w, https:\/\/wgphoto.pl\/t\/wp-content\/uploads\/2025\/06\/IMGP4487-300x199.jpg 300w, https:\/\/wgphoto.pl\/t\/wp-content\/uploads\/2025\/06\/IMGP4487-768x509.jpg 768w\" sizes=\"auto, (max-width: 1400px) 100vw, 1400px\" \/><\/figure>\n\n\n\n<div class=\"wp-block-group has-global-padding is-layout-constrained wp-block-group-is-layout-constrained\">\n<p>Magdeburg, Breiter Weg. NGT8D 1382 z nowszej dostawy, co mo\u017cna pozna\u0107 po czole tramwaju, zatrzymuje si\u0119 na przystanku Leiterstr. Na zdj\u0119cie z samego centrum za\u0142apa\u0142a si\u0119 jedna godna uwagi kamienica, poza tym socreal i nowsza zabudowa. 01.05.2016<\/p>\n<\/div>\n","protected":false},"excerpt":{"rendered":"<p>Magdeburg, Breiter Weg. NGT8D 1382 z nowszej dostawy, co mo\u017cna pozna\u0107 po czole tramwaju, zatrzymuje si\u0119 na przystanku Leiterstr. Na zdj\u0119cie z samego centrum za\u0142apa\u0142a si\u0119 jedna godna uwagi kamienica, poza tym socreal i nowsza zabudowa. 01.05.2016<\/p>\n","protected":false},"author":1,"featured_media":19121,"comment_status":"open","ping_status":"","sticky":false,"template":"","format":"standard","meta":{"footnotes":""},"categories":[125,3],"tags":[1407,1408,1405,635,1406,23],"class_list":["post-19120","post","type-post","status-publish","format-standard","has-post-thumbnail","hentry","category-rok-2016","category-tramwaj","tag-2016-05-01","tag-alstom-citadis200","tag-magdeburg","tag-majowka-2016","tag-mvb-magdeburg","tag-niemcy"],"_links":{"self":[{"href":"https:\/\/wgphoto.pl\/t\/index.php?rest_route=\/wp\/v2\/posts\/19120","targetHints":{"allow":["GET"]}}],"collection":[{"href":"https:\/\/wgphoto.pl\/t\/index.php?rest_route=\/wp\/v2\/posts"}],"about":[{"href":"https:\/\/wgphoto.pl\/t\/index.php?rest_route=\/wp\/v2\/types\/post"}],"author":[{"embeddable":true,"href":"https:\/\/wgphoto.pl\/t\/index.php?rest_route=\/wp\/v2\/users\/1"}],"replies":[{"embeddable":true,"href":"https:\/\/wgphoto.pl\/t\/index.php?rest_route=%2Fwp%2Fv2%2Fcomments&post=19120"}],"version-history":[{"count":1,"href":"https:\/\/wgphoto.pl\/t\/index.php?rest_route=\/wp\/v2\/posts\/19120\/revisions"}],"predecessor-version":[{"id":19122,"href":"https:\/\/wgphoto.pl\/t\/index.php?rest_route=\/wp\/v2\/posts\/19120\/revisions\/19122"}],"wp:featuredmedia":[{"embeddable":true,"href":"https:\/\/wgphoto.pl\/t\/index.php?rest_route=\/wp\/v2\/media\/19121"}],"wp:attachment":[{"href":"https:\/\/wgphoto.pl\/t\/index.php?rest_route=%2Fwp%2Fv2%2Fmedia&parent=19120"}],"wp:term":[{"taxonomy":"category","embeddable":true,"href":"https:\/\/wgphoto.pl\/t\/index.php?rest_route=%2Fwp%2Fv2%2Fcategories&post=19120"},{"taxonomy":"post_tag","embeddable":true,"href":"https:\/\/wgphoto.pl\/t\/index.php?rest_route=%2Fwp%2Fv2%2Ftags&post=19120"}],"curies":[{"name":"wp","href":"https:\/\/api.w.org\/{rel}","templated":true}]}}