{"id":19129,"date":"2025-06-28T14:01:45","date_gmt":"2025-06-28T12:01:45","guid":{"rendered":"https:\/\/wgphoto.pl\/t\/?p=19129"},"modified":"2025-06-28T14:01:45","modified_gmt":"2025-06-28T12:01:45","slug":"nocne-32-o-swicie","status":"publish","type":"post","link":"https:\/\/wgphoto.pl\/t\/?p=19129","title":{"rendered":"Nocne 32 o \u015bwicie"},"content":{"rendered":"\n<figure class=\"wp-block-image aligncenter size-full\"><img loading=\"lazy\" decoding=\"async\" width=\"1400\" height=\"927\" src=\"https:\/\/wgphoto.pl\/t\/wp-content\/uploads\/2025\/06\/0317-04_rsn.jpg\" alt=\"\" class=\"wp-image-19130\" srcset=\"https:\/\/wgphoto.pl\/t\/wp-content\/uploads\/2025\/06\/0317-04_rsn.jpg 1400w, https:\/\/wgphoto.pl\/t\/wp-content\/uploads\/2025\/06\/0317-04_rsn-300x199.jpg 300w, https:\/\/wgphoto.pl\/t\/wp-content\/uploads\/2025\/06\/0317-04_rsn-768x509.jpg 768w\" sizes=\"auto, (max-width: 1400px) 100vw, 1400px\" \/><\/figure>\n\n\n\n<div class=\"wp-block-group has-global-padding is-layout-constrained wp-block-group-is-layout-constrained\">\n<p>102Na 2023 jako ostatni kurs nocnego 32 z S\u0119polna do Parku P\u0142d. mija o \u015bwicie mosty M\u0142y\u0144skie we Wroc\u0142awiu. Jest godzina 5:27. Najd\u0142u\u017csze dni pozwoli\u0142y na zdj\u0119cia nocek w \u015bwietle dziennym, cho\u0107 przy iso 200 na analogu nie by\u0142o to takie oczywiste. 22.06.2003<\/p>\n<\/div>\n","protected":false},"excerpt":{"rendered":"<p>102Na 2023 jako ostatni kurs nocnego 32 z S\u0119polna do Parku P\u0142d. mija o \u015bwicie mosty M\u0142y\u0144skie we Wroc\u0142awiu. Jest godzina 5:27. Najd\u0142u\u017csze dni pozwoli\u0142y na zdj\u0119cia nocek w \u015bwietle dziennym, cho\u0107 przy iso 200 na analogu nie by\u0142o to takie oczywiste. 22.06.2003<\/p>\n","protected":false},"author":1,"featured_media":19130,"comment_status":"open","ping_status":"","sticky":false,"template":"","format":"standard","meta":{"footnotes":""},"categories":[62,149,3],"tags":[4087,309,45,42,27,176,41,846],"class_list":["post-19129","post","type-post","status-publish","format-standard","has-post-thumbnail","hentry","category-analog","category-rok-2003","category-tramwaj","tag-2003-06-22","tag-konstal-102na","tag-most","tag-mpk-wroclaw","tag-polska","tag-rano","tag-wroclaw","tag-wroclawskie-linie-nocne"],"_links":{"self":[{"href":"https:\/\/wgphoto.pl\/t\/index.php?rest_route=\/wp\/v2\/posts\/19129","targetHints":{"allow":["GET"]}}],"collection":[{"href":"https:\/\/wgphoto.pl\/t\/index.php?rest_route=\/wp\/v2\/posts"}],"about":[{"href":"https:\/\/wgphoto.pl\/t\/index.php?rest_route=\/wp\/v2\/types\/post"}],"author":[{"embeddable":true,"href":"https:\/\/wgphoto.pl\/t\/index.php?rest_route=\/wp\/v2\/users\/1"}],"replies":[{"embeddable":true,"href":"https:\/\/wgphoto.pl\/t\/index.php?rest_route=%2Fwp%2Fv2%2Fcomments&post=19129"}],"version-history":[{"count":1,"href":"https:\/\/wgphoto.pl\/t\/index.php?rest_route=\/wp\/v2\/posts\/19129\/revisions"}],"predecessor-version":[{"id":19131,"href":"https:\/\/wgphoto.pl\/t\/index.php?rest_route=\/wp\/v2\/posts\/19129\/revisions\/19131"}],"wp:featuredmedia":[{"embeddable":true,"href":"https:\/\/wgphoto.pl\/t\/index.php?rest_route=\/wp\/v2\/media\/19130"}],"wp:attachment":[{"href":"https:\/\/wgphoto.pl\/t\/index.php?rest_route=%2Fwp%2Fv2%2Fmedia&parent=19129"}],"wp:term":[{"taxonomy":"category","embeddable":true,"href":"https:\/\/wgphoto.pl\/t\/index.php?rest_route=%2Fwp%2Fv2%2Fcategories&post=19129"},{"taxonomy":"post_tag","embeddable":true,"href":"https:\/\/wgphoto.pl\/t\/index.php?rest_route=%2Fwp%2Fv2%2Ftags&post=19129"}],"curies":[{"name":"wp","href":"https:\/\/api.w.org\/{rel}","templated":true}]}}