{"id":19135,"date":"2025-06-28T14:50:20","date_gmt":"2025-06-28T12:50:20","guid":{"rendered":"https:\/\/wgphoto.pl\/t\/?p=19135"},"modified":"2025-06-28T14:50:20","modified_gmt":"2025-06-28T12:50:20","slug":"jj","status":"publish","type":"post","link":"https:\/\/wgphoto.pl\/t\/?p=19135","title":{"rendered":"JJ"},"content":{"rendered":"\n<figure class=\"wp-block-image aligncenter size-full\"><img loading=\"lazy\" decoding=\"async\" width=\"800\" height=\"1000\" src=\"https:\/\/wgphoto.pl\/t\/wp-content\/uploads\/2025\/06\/0720-06.jpg\" alt=\"\" class=\"wp-image-19136\" srcset=\"https:\/\/wgphoto.pl\/t\/wp-content\/uploads\/2025\/06\/0720-06.jpg 800w, https:\/\/wgphoto.pl\/t\/wp-content\/uploads\/2025\/06\/0720-06-240x300.jpg 240w, https:\/\/wgphoto.pl\/t\/wp-content\/uploads\/2025\/06\/0720-06-768x960.jpg 768w\" sizes=\"auto, (max-width: 800px) 100vw, 800px\" \/><\/figure>\n\n\n\n<div class=\"wp-block-group has-global-padding is-layout-constrained wp-block-group-is-layout-constrained\">\n<p>Wiede\u0144, Neulerchenfelder Strasse, mijanka sk\u0142adu E<sub>1<\/sub>+c<sub>3<\/sub> 4689+1200 z ULF-em typu A nr 19, oba tramwaje obs\u0142ugiwa\u0142y lini\u0119 J. 09.08.2007<\/p>\n<\/div>\n","protected":false},"excerpt":{"rendered":"<p>Wiede\u0144, Neulerchenfelder Strasse, mijanka sk\u0142adu E1+c3 4689+1200 z ULF-em typu A nr 19, oba tramwaje obs\u0142ugiwa\u0142y lini\u0119 J. 09.08.2007<\/p>\n","protected":false},"author":1,"featured_media":19136,"comment_status":"open","ping_status":"","sticky":false,"template":"","format":"standard","meta":{"footnotes":""},"categories":[62,128,96,3],"tags":[100,9,102,101,389,271,97,98],"class_list":["post-19135","post","type-post","status-publish","format-standard","has-post-thumbnail","hentry","category-analog","category-pionowe","category-rok-2007","category-tramwaj","tag-2007-08-09","tag-austria","tag-e1","tag-gt6","tag-mijanka","tag-ulf","tag-wieden","tag-wiener-linien"],"_links":{"self":[{"href":"https:\/\/wgphoto.pl\/t\/index.php?rest_route=\/wp\/v2\/posts\/19135","targetHints":{"allow":["GET"]}}],"collection":[{"href":"https:\/\/wgphoto.pl\/t\/index.php?rest_route=\/wp\/v2\/posts"}],"about":[{"href":"https:\/\/wgphoto.pl\/t\/index.php?rest_route=\/wp\/v2\/types\/post"}],"author":[{"embeddable":true,"href":"https:\/\/wgphoto.pl\/t\/index.php?rest_route=\/wp\/v2\/users\/1"}],"replies":[{"embeddable":true,"href":"https:\/\/wgphoto.pl\/t\/index.php?rest_route=%2Fwp%2Fv2%2Fcomments&post=19135"}],"version-history":[{"count":1,"href":"https:\/\/wgphoto.pl\/t\/index.php?rest_route=\/wp\/v2\/posts\/19135\/revisions"}],"predecessor-version":[{"id":19137,"href":"https:\/\/wgphoto.pl\/t\/index.php?rest_route=\/wp\/v2\/posts\/19135\/revisions\/19137"}],"wp:featuredmedia":[{"embeddable":true,"href":"https:\/\/wgphoto.pl\/t\/index.php?rest_route=\/wp\/v2\/media\/19136"}],"wp:attachment":[{"href":"https:\/\/wgphoto.pl\/t\/index.php?rest_route=%2Fwp%2Fv2%2Fmedia&parent=19135"}],"wp:term":[{"taxonomy":"category","embeddable":true,"href":"https:\/\/wgphoto.pl\/t\/index.php?rest_route=%2Fwp%2Fv2%2Fcategories&post=19135"},{"taxonomy":"post_tag","embeddable":true,"href":"https:\/\/wgphoto.pl\/t\/index.php?rest_route=%2Fwp%2Fv2%2Ftags&post=19135"}],"curies":[{"name":"wp","href":"https:\/\/api.w.org\/{rel}","templated":true}]}}