{"id":19138,"date":"2025-06-28T14:51:19","date_gmt":"2025-06-28T12:51:19","guid":{"rendered":"https:\/\/wgphoto.pl\/t\/?p=19138"},"modified":"2025-06-28T14:51:19","modified_gmt":"2025-06-28T12:51:19","slug":"serdika-ii","status":"publish","type":"post","link":"https:\/\/wgphoto.pl\/t\/?p=19138","title":{"rendered":"Serdika II"},"content":{"rendered":"\n<figure class=\"wp-block-image aligncenter size-full\"><img loading=\"lazy\" decoding=\"async\" width=\"1300\" height=\"861\" src=\"https:\/\/wgphoto.pl\/t\/wp-content\/uploads\/2025\/06\/IMGP5564.jpg\" alt=\"\" class=\"wp-image-19139\" srcset=\"https:\/\/wgphoto.pl\/t\/wp-content\/uploads\/2025\/06\/IMGP5564.jpg 1300w, https:\/\/wgphoto.pl\/t\/wp-content\/uploads\/2025\/06\/IMGP5564-300x199.jpg 300w, https:\/\/wgphoto.pl\/t\/wp-content\/uploads\/2025\/06\/IMGP5564-768x509.jpg 768w\" sizes=\"auto, (max-width: 1300px) 100vw, 1300px\" \/><\/figure>\n\n\n\n<div class=\"wp-block-group has-global-padding is-layout-constrained wp-block-group-is-layout-constrained\">\n<p>Metrowagonmasz typu 81-740.2B nr 2067+6034+2068 zatrzymuje si\u0119 na stacji Serdika II na w\u0119\u017ale w samym, jak nazwa wskazuje, sercu Sofii. Stacja le\u017c\u0105ca w osi wsch\u00f3d-zach\u00f3d nsi nazw\u0119 Serdika (bez dw\u00f3jki). 10.11.2017<\/p>\n<\/div>\n","protected":false},"excerpt":{"rendered":"<p>Metrowagonmasz typu 81-740.2B nr 2067+6034+2068 zatrzymuje si\u0119 na stacji Serdika II na w\u0119\u017ale w samym, jak nazwa wskazuje, sercu Sofii. Stacja le\u017c\u0105ca w osi wsch\u00f3d-zach\u00f3d nsi nazw\u0119 Serdika (bez dw\u00f3jki). 10.11.2017<\/p>\n","protected":false},"author":1,"featured_media":19139,"comment_status":"open","ping_status":"","sticky":false,"template":"","format":"standard","meta":{"footnotes":""},"categories":[4,368],"tags":[1341,838,2490,842,2393,15,839],"class_list":["post-19138","post","type-post","status-publish","format-standard","has-post-thumbnail","hentry","category-metro","category-rok-2017","tag-2017-11-10","tag-bulgaria","tag-metropoliten-sofia","tag-sofia","tag-stacje-sofijskiego-metra","tag-tunel","tag-wakacje-2017"],"_links":{"self":[{"href":"https:\/\/wgphoto.pl\/t\/index.php?rest_route=\/wp\/v2\/posts\/19138","targetHints":{"allow":["GET"]}}],"collection":[{"href":"https:\/\/wgphoto.pl\/t\/index.php?rest_route=\/wp\/v2\/posts"}],"about":[{"href":"https:\/\/wgphoto.pl\/t\/index.php?rest_route=\/wp\/v2\/types\/post"}],"author":[{"embeddable":true,"href":"https:\/\/wgphoto.pl\/t\/index.php?rest_route=\/wp\/v2\/users\/1"}],"replies":[{"embeddable":true,"href":"https:\/\/wgphoto.pl\/t\/index.php?rest_route=%2Fwp%2Fv2%2Fcomments&post=19138"}],"version-history":[{"count":1,"href":"https:\/\/wgphoto.pl\/t\/index.php?rest_route=\/wp\/v2\/posts\/19138\/revisions"}],"predecessor-version":[{"id":19140,"href":"https:\/\/wgphoto.pl\/t\/index.php?rest_route=\/wp\/v2\/posts\/19138\/revisions\/19140"}],"wp:featuredmedia":[{"embeddable":true,"href":"https:\/\/wgphoto.pl\/t\/index.php?rest_route=\/wp\/v2\/media\/19139"}],"wp:attachment":[{"href":"https:\/\/wgphoto.pl\/t\/index.php?rest_route=%2Fwp%2Fv2%2Fmedia&parent=19138"}],"wp:term":[{"taxonomy":"category","embeddable":true,"href":"https:\/\/wgphoto.pl\/t\/index.php?rest_route=%2Fwp%2Fv2%2Fcategories&post=19138"},{"taxonomy":"post_tag","embeddable":true,"href":"https:\/\/wgphoto.pl\/t\/index.php?rest_route=%2Fwp%2Fv2%2Ftags&post=19138"}],"curies":[{"name":"wp","href":"https:\/\/api.w.org\/{rel}","templated":true}]}}