{"id":19147,"date":"2025-06-28T14:54:24","date_gmt":"2025-06-28T12:54:24","guid":{"rendered":"https:\/\/wgphoto.pl\/t\/?p=19147"},"modified":"2025-06-28T14:54:24","modified_gmt":"2025-06-28T12:54:24","slug":"nieanonimowy-tramwaj","status":"publish","type":"post","link":"https:\/\/wgphoto.pl\/t\/?p=19147","title":{"rendered":"Nieanonimowy tramwaj"},"content":{"rendered":"\n<figure class=\"wp-block-image aligncenter size-full\"><img loading=\"lazy\" decoding=\"async\" width=\"800\" height=\"1000\" src=\"https:\/\/wgphoto.pl\/t\/wp-content\/uploads\/2025\/06\/0605-36.jpg\" alt=\"\" class=\"wp-image-19148\" srcset=\"https:\/\/wgphoto.pl\/t\/wp-content\/uploads\/2025\/06\/0605-36.jpg 800w, https:\/\/wgphoto.pl\/t\/wp-content\/uploads\/2025\/06\/0605-36-240x300.jpg 240w, https:\/\/wgphoto.pl\/t\/wp-content\/uploads\/2025\/06\/0605-36-768x960.jpg 768w\" sizes=\"auto, (max-width: 800px) 100vw, 800px\" \/><\/figure>\n\n\n\n<div class=\"wp-block-group has-global-padding is-layout-constrained wp-block-group-is-layout-constrained\">\n<p>Wroc\u0142aw, ul. \u015awidnicka, 102Na 2058. Spodoba\u0142o mi si\u0119 to po\u0142\u0105czenie &#8222;wyrastaj\u0105cych&#8221; spod ziemi sylwetek &#8222;anonimowych przechodni\u00f3w&#8221; oraz pn\u0105cego si\u0119 w g\u00f3r\u0119 budynku przysz\u0142ych Arkad Wroc\u0142awskich. 23.05.2006<\/p>\n<\/div>\n","protected":false},"excerpt":{"rendered":"<p>Wroc\u0142aw, ul. \u015awidnicka, 102Na 2058. Spodoba\u0142o mi si\u0119 to po\u0142\u0105czenie &#8222;wyrastaj\u0105cych&#8221; spod ziemi sylwetek &#8222;anonimowych przechodni\u00f3w&#8221; oraz pn\u0105cego si\u0119 w g\u00f3r\u0119 budynku przysz\u0142ych Arkad Wroc\u0142awskich. 23.05.2006<\/p>\n","protected":false},"author":1,"featured_media":19148,"comment_status":"open","ping_status":"","sticky":false,"template":"","format":"standard","meta":{"footnotes":""},"categories":[62,128,130,3],"tags":[4090,745,309,42,27,41],"class_list":["post-19147","post","type-post","status-publish","format-standard","has-post-thumbnail","hentry","category-analog","category-pionowe","category-rok-2006","category-tramwaj","tag-2006-05-23","tag-budowa","tag-konstal-102na","tag-mpk-wroclaw","tag-polska","tag-wroclaw"],"_links":{"self":[{"href":"https:\/\/wgphoto.pl\/t\/index.php?rest_route=\/wp\/v2\/posts\/19147","targetHints":{"allow":["GET"]}}],"collection":[{"href":"https:\/\/wgphoto.pl\/t\/index.php?rest_route=\/wp\/v2\/posts"}],"about":[{"href":"https:\/\/wgphoto.pl\/t\/index.php?rest_route=\/wp\/v2\/types\/post"}],"author":[{"embeddable":true,"href":"https:\/\/wgphoto.pl\/t\/index.php?rest_route=\/wp\/v2\/users\/1"}],"replies":[{"embeddable":true,"href":"https:\/\/wgphoto.pl\/t\/index.php?rest_route=%2Fwp%2Fv2%2Fcomments&post=19147"}],"version-history":[{"count":1,"href":"https:\/\/wgphoto.pl\/t\/index.php?rest_route=\/wp\/v2\/posts\/19147\/revisions"}],"predecessor-version":[{"id":19149,"href":"https:\/\/wgphoto.pl\/t\/index.php?rest_route=\/wp\/v2\/posts\/19147\/revisions\/19149"}],"wp:featuredmedia":[{"embeddable":true,"href":"https:\/\/wgphoto.pl\/t\/index.php?rest_route=\/wp\/v2\/media\/19148"}],"wp:attachment":[{"href":"https:\/\/wgphoto.pl\/t\/index.php?rest_route=%2Fwp%2Fv2%2Fmedia&parent=19147"}],"wp:term":[{"taxonomy":"category","embeddable":true,"href":"https:\/\/wgphoto.pl\/t\/index.php?rest_route=%2Fwp%2Fv2%2Fcategories&post=19147"},{"taxonomy":"post_tag","embeddable":true,"href":"https:\/\/wgphoto.pl\/t\/index.php?rest_route=%2Fwp%2Fv2%2Ftags&post=19147"}],"curies":[{"name":"wp","href":"https:\/\/api.w.org\/{rel}","templated":true}]}}