{"id":19174,"date":"2025-06-28T15:31:03","date_gmt":"2025-06-28T13:31:03","guid":{"rendered":"https:\/\/wgphoto.pl\/t\/?p=19174"},"modified":"2025-06-28T15:31:03","modified_gmt":"2025-06-28T13:31:03","slug":"nie-zawsze-jest-pieknie","status":"publish","type":"post","link":"https:\/\/wgphoto.pl\/t\/?p=19174","title":{"rendered":"Nie zawsze jest pi\u0119knie"},"content":{"rendered":"\n<figure class=\"wp-block-image aligncenter size-full\"><img loading=\"lazy\" decoding=\"async\" width=\"1300\" height=\"862\" src=\"https:\/\/wgphoto.pl\/t\/wp-content\/uploads\/2025\/06\/0730-36.jpg\" alt=\"\" class=\"wp-image-19175\" srcset=\"https:\/\/wgphoto.pl\/t\/wp-content\/uploads\/2025\/06\/0730-36.jpg 1300w, https:\/\/wgphoto.pl\/t\/wp-content\/uploads\/2025\/06\/0730-36-300x199.jpg 300w, https:\/\/wgphoto.pl\/t\/wp-content\/uploads\/2025\/06\/0730-36-768x509.jpg 768w\" sizes=\"auto, (max-width: 1300px) 100vw, 1300px\" \/><\/figure>\n\n\n\n<div class=\"wp-block-group has-global-padding is-layout-constrained wp-block-group-is-layout-constrained\">\n<p>Jednosystemowa maszyna 163.036-7 wygrzewa si\u0119 w s\u0142o\u0144cu na stacji P\u0159erov. Za kilkana\u015bcie minut przejmie obs\u0142ug\u0119 poci\u0105gu osobowego z B\u0159eclavi do Czeskiego Cieszyna, kt\u00f3r\u0105 przyprowadzi tu bli\u017aniacza maszyna dwusystemowej serii 363. I tak to sobie Czesi je\u017adzili bezpo\u015brednimi osob\u00f3wkami od granicy do granicy. 13.09.2007<\/p>\n<\/div>\n","protected":false},"excerpt":{"rendered":"<p>Jednosystemowa maszyna 163.036-7 wygrzewa si\u0119 w s\u0142o\u0144cu na stacji P\u0159erov. Za kilkana\u015bcie minut przejmie obs\u0142ug\u0119 poci\u0105gu osobowego z B\u0159eclavi do Czeskiego Cieszyna, kt\u00f3r\u0105 przyprowadzi tu bli\u017aniacza maszyna dwusystemowej serii 363. I tak to sobie Czesi je\u017adzili bezpo\u015brednimi osob\u00f3wkami od granicy do granicy. 13.09.2007<\/p>\n","protected":false},"author":1,"featured_media":19175,"comment_status":"open","ping_status":"","sticky":false,"template":"","format":"standard","meta":{"footnotes":""},"categories":[62,2,96],"tags":[1401,2145,50,49,2147,2146],"class_list":["post-19174","post","type-post","status-publish","format-standard","has-post-thumbnail","hentry","category-analog","category-kolej","category-rok-2007","tag-1401","tag-2007-09-13","tag-cd","tag-czechy","tag-czechy-po-raz-pierwszy","tag-prerov"],"_links":{"self":[{"href":"https:\/\/wgphoto.pl\/t\/index.php?rest_route=\/wp\/v2\/posts\/19174","targetHints":{"allow":["GET"]}}],"collection":[{"href":"https:\/\/wgphoto.pl\/t\/index.php?rest_route=\/wp\/v2\/posts"}],"about":[{"href":"https:\/\/wgphoto.pl\/t\/index.php?rest_route=\/wp\/v2\/types\/post"}],"author":[{"embeddable":true,"href":"https:\/\/wgphoto.pl\/t\/index.php?rest_route=\/wp\/v2\/users\/1"}],"replies":[{"embeddable":true,"href":"https:\/\/wgphoto.pl\/t\/index.php?rest_route=%2Fwp%2Fv2%2Fcomments&post=19174"}],"version-history":[{"count":1,"href":"https:\/\/wgphoto.pl\/t\/index.php?rest_route=\/wp\/v2\/posts\/19174\/revisions"}],"predecessor-version":[{"id":19176,"href":"https:\/\/wgphoto.pl\/t\/index.php?rest_route=\/wp\/v2\/posts\/19174\/revisions\/19176"}],"wp:featuredmedia":[{"embeddable":true,"href":"https:\/\/wgphoto.pl\/t\/index.php?rest_route=\/wp\/v2\/media\/19175"}],"wp:attachment":[{"href":"https:\/\/wgphoto.pl\/t\/index.php?rest_route=%2Fwp%2Fv2%2Fmedia&parent=19174"}],"wp:term":[{"taxonomy":"category","embeddable":true,"href":"https:\/\/wgphoto.pl\/t\/index.php?rest_route=%2Fwp%2Fv2%2Fcategories&post=19174"},{"taxonomy":"post_tag","embeddable":true,"href":"https:\/\/wgphoto.pl\/t\/index.php?rest_route=%2Fwp%2Fv2%2Ftags&post=19174"}],"curies":[{"name":"wp","href":"https:\/\/api.w.org\/{rel}","templated":true}]}}