{"id":19177,"date":"2025-06-28T15:31:58","date_gmt":"2025-06-28T13:31:58","guid":{"rendered":"https:\/\/wgphoto.pl\/t\/?p=19177"},"modified":"2025-06-28T15:31:58","modified_gmt":"2025-06-28T13:31:58","slug":"prawie-jak-nrd","status":"publish","type":"post","link":"https:\/\/wgphoto.pl\/t\/?p=19177","title":{"rendered":"Prawie jak NRD"},"content":{"rendered":"\n<figure class=\"wp-block-image aligncenter size-full\"><img loading=\"lazy\" decoding=\"async\" width=\"1300\" height=\"862\" src=\"https:\/\/wgphoto.pl\/t\/wp-content\/uploads\/2025\/06\/2002d-26.jpg\" alt=\"\" class=\"wp-image-19178\" srcset=\"https:\/\/wgphoto.pl\/t\/wp-content\/uploads\/2025\/06\/2002d-26.jpg 1300w, https:\/\/wgphoto.pl\/t\/wp-content\/uploads\/2025\/06\/2002d-26-300x199.jpg 300w, https:\/\/wgphoto.pl\/t\/wp-content\/uploads\/2025\/06\/2002d-26-768x509.jpg 768w\" sizes=\"auto, (max-width: 1300px) 100vw, 1300px\" \/><\/figure>\n\n\n\n<div class=\"wp-block-group has-global-padding is-layout-constrained wp-block-group-is-layout-constrained\">\n<p>G\u00f6rlitz, Sattigstra\u00dfe, KT4DC nr 14 na przystanku Bahnhof S\u00fcdausgang. Zw\u0142aszcza ta parka na pierwszym planie wygl\u0105da jak \u017cywcem wyj\u0119ta z lat 80. 02.03.2002<\/p>\n<\/div>\n","protected":false},"excerpt":{"rendered":"<p>G\u00f6rlitz, Sattigstra\u00dfe, KT4DC nr 14 na przystanku Bahnhof S\u00fcdausgang. Zw\u0142aszcza ta parka na pierwszym planie wygl\u0105da jak \u017cywcem wyj\u0119ta z lat 80. 02.03.2002<\/p>\n","protected":false},"author":1,"featured_media":19178,"comment_status":"open","ping_status":"","sticky":false,"template":"","format":"standard","meta":{"footnotes":""},"categories":[62,577,3],"tags":[1771,418,31,151,23,380,33,129],"class_list":["post-19177","post","type-post","status-publish","format-standard","has-post-thumbnail","hentry","category-analog","category-rok-2002","category-tramwaj","tag-2002-03-02","tag-auto","tag-gorlitz","tag-ludzie","tag-niemcy","tag-spod-dworca","tag-tatra-kt4","tag-vgg-gorlitz"],"_links":{"self":[{"href":"https:\/\/wgphoto.pl\/t\/index.php?rest_route=\/wp\/v2\/posts\/19177","targetHints":{"allow":["GET"]}}],"collection":[{"href":"https:\/\/wgphoto.pl\/t\/index.php?rest_route=\/wp\/v2\/posts"}],"about":[{"href":"https:\/\/wgphoto.pl\/t\/index.php?rest_route=\/wp\/v2\/types\/post"}],"author":[{"embeddable":true,"href":"https:\/\/wgphoto.pl\/t\/index.php?rest_route=\/wp\/v2\/users\/1"}],"replies":[{"embeddable":true,"href":"https:\/\/wgphoto.pl\/t\/index.php?rest_route=%2Fwp%2Fv2%2Fcomments&post=19177"}],"version-history":[{"count":1,"href":"https:\/\/wgphoto.pl\/t\/index.php?rest_route=\/wp\/v2\/posts\/19177\/revisions"}],"predecessor-version":[{"id":19179,"href":"https:\/\/wgphoto.pl\/t\/index.php?rest_route=\/wp\/v2\/posts\/19177\/revisions\/19179"}],"wp:featuredmedia":[{"embeddable":true,"href":"https:\/\/wgphoto.pl\/t\/index.php?rest_route=\/wp\/v2\/media\/19178"}],"wp:attachment":[{"href":"https:\/\/wgphoto.pl\/t\/index.php?rest_route=%2Fwp%2Fv2%2Fmedia&parent=19177"}],"wp:term":[{"taxonomy":"category","embeddable":true,"href":"https:\/\/wgphoto.pl\/t\/index.php?rest_route=%2Fwp%2Fv2%2Fcategories&post=19177"},{"taxonomy":"post_tag","embeddable":true,"href":"https:\/\/wgphoto.pl\/t\/index.php?rest_route=%2Fwp%2Fv2%2Ftags&post=19177"}],"curies":[{"name":"wp","href":"https:\/\/api.w.org\/{rel}","templated":true}]}}