{"id":19180,"date":"2025-06-28T15:32:52","date_gmt":"2025-06-28T13:32:52","guid":{"rendered":"https:\/\/wgphoto.pl\/t\/?p=19180"},"modified":"2025-06-28T15:32:52","modified_gmt":"2025-06-28T13:32:52","slug":"tramwaj-na-rynku","status":"publish","type":"post","link":"https:\/\/wgphoto.pl\/t\/?p=19180","title":{"rendered":"Tramwaj na rynku"},"content":{"rendered":"\n<figure class=\"wp-block-image aligncenter size-full\"><img loading=\"lazy\" decoding=\"async\" width=\"1300\" height=\"862\" src=\"https:\/\/wgphoto.pl\/t\/wp-content\/uploads\/2025\/06\/0723-36.jpg\" alt=\"\" class=\"wp-image-19181\" srcset=\"https:\/\/wgphoto.pl\/t\/wp-content\/uploads\/2025\/06\/0723-36.jpg 1300w, https:\/\/wgphoto.pl\/t\/wp-content\/uploads\/2025\/06\/0723-36-300x199.jpg 300w, https:\/\/wgphoto.pl\/t\/wp-content\/uploads\/2025\/06\/0723-36-768x509.jpg 768w\" sizes=\"auto, (max-width: 1300px) 100vw, 1300px\" \/><\/figure>\n\n\n\n<div class=\"wp-block-group has-global-padding is-layout-constrained wp-block-group-is-layout-constrained\">\n<p>GT6 nr 76 podczas kr\u00f3tkiego postoju na grudzi\u0105dzkim Rynku. Reklama na tramwaju przywodzi na my\u015bl z\u0142ote lata 90-te. \ud83d\ude09 22.08.2007<\/p>\n<\/div>\n","protected":false},"excerpt":{"rendered":"<p>GT6 nr 76 podczas kr\u00f3tkiego postoju na grudzi\u0105dzkim Rynku. Reklama na tramwaju przywodzi na my\u015bl z\u0142ote lata 90-te. \ud83d\ude09 22.08.2007<\/p>\n","protected":false},"author":1,"featured_media":19181,"comment_status":"open","ping_status":"","sticky":false,"template":"","format":"standard","meta":{"footnotes":""},"categories":[62,96,3],"tags":[794,34,239,915,101,914,27],"class_list":["post-19180","post","type-post","status-publish","format-standard","has-post-thumbnail","hentry","category-analog","category-rok-2007","category-tramwaj","tag-2007-08-22","tag-architektura","tag-deptak","tag-grudziadz","tag-gt6","tag-mzk-grudziadz","tag-polska"],"_links":{"self":[{"href":"https:\/\/wgphoto.pl\/t\/index.php?rest_route=\/wp\/v2\/posts\/19180","targetHints":{"allow":["GET"]}}],"collection":[{"href":"https:\/\/wgphoto.pl\/t\/index.php?rest_route=\/wp\/v2\/posts"}],"about":[{"href":"https:\/\/wgphoto.pl\/t\/index.php?rest_route=\/wp\/v2\/types\/post"}],"author":[{"embeddable":true,"href":"https:\/\/wgphoto.pl\/t\/index.php?rest_route=\/wp\/v2\/users\/1"}],"replies":[{"embeddable":true,"href":"https:\/\/wgphoto.pl\/t\/index.php?rest_route=%2Fwp%2Fv2%2Fcomments&post=19180"}],"version-history":[{"count":1,"href":"https:\/\/wgphoto.pl\/t\/index.php?rest_route=\/wp\/v2\/posts\/19180\/revisions"}],"predecessor-version":[{"id":19182,"href":"https:\/\/wgphoto.pl\/t\/index.php?rest_route=\/wp\/v2\/posts\/19180\/revisions\/19182"}],"wp:featuredmedia":[{"embeddable":true,"href":"https:\/\/wgphoto.pl\/t\/index.php?rest_route=\/wp\/v2\/media\/19181"}],"wp:attachment":[{"href":"https:\/\/wgphoto.pl\/t\/index.php?rest_route=%2Fwp%2Fv2%2Fmedia&parent=19180"}],"wp:term":[{"taxonomy":"category","embeddable":true,"href":"https:\/\/wgphoto.pl\/t\/index.php?rest_route=%2Fwp%2Fv2%2Fcategories&post=19180"},{"taxonomy":"post_tag","embeddable":true,"href":"https:\/\/wgphoto.pl\/t\/index.php?rest_route=%2Fwp%2Fv2%2Ftags&post=19180"}],"curies":[{"name":"wp","href":"https:\/\/api.w.org\/{rel}","templated":true}]}}