{"id":19193,"date":"2025-06-28T15:39:20","date_gmt":"2025-06-28T13:39:20","guid":{"rendered":"https:\/\/wgphoto.pl\/t\/?p=19193"},"modified":"2025-06-28T15:39:20","modified_gmt":"2025-06-28T13:39:20","slug":"tramwaj-na-autostradzie-2","status":"publish","type":"post","link":"https:\/\/wgphoto.pl\/t\/?p=19193","title":{"rendered":"Tramwaj na autostradzie"},"content":{"rendered":"\n<figure class=\"wp-block-image aligncenter size-full\"><img loading=\"lazy\" decoding=\"async\" width=\"1300\" height=\"861\" src=\"https:\/\/wgphoto.pl\/t\/wp-content\/uploads\/2025\/06\/IMGP4743-1.jpg\" alt=\"\" class=\"wp-image-19194\" srcset=\"https:\/\/wgphoto.pl\/t\/wp-content\/uploads\/2025\/06\/IMGP4743-1.jpg 1300w, https:\/\/wgphoto.pl\/t\/wp-content\/uploads\/2025\/06\/IMGP4743-1-300x199.jpg 300w, https:\/\/wgphoto.pl\/t\/wp-content\/uploads\/2025\/06\/IMGP4743-1-768x509.jpg 768w\" sizes=\"auto, (max-width: 1300px) 100vw, 1300px\" \/><\/figure>\n\n\n\n<div class=\"wp-block-group has-global-padding is-layout-constrained wp-block-group-is-layout-constrained\">\n<p>Solaris Tramino nr 1455 jad\u0105c mi\u0119dzy jezdniami autostrady A36 zbli\u017ca si\u0119 do przystanku Sachsendamm w Brunszwiku. 02.05.2016<\/p>\n<\/div>\n","protected":false},"excerpt":{"rendered":"<p>Solaris Tramino nr 1455 jad\u0105c mi\u0119dzy jezdniami autostrady A36 zbli\u017ca si\u0119 do przystanku Sachsendamm w Brunszwiku. 02.05.2016<\/p>\n","protected":false},"author":1,"featured_media":19194,"comment_status":"open","ping_status":"","sticky":false,"template":"","format":"standard","meta":{"footnotes":""},"categories":[125,3],"tags":[637,636,634,635,23,237],"class_list":["post-19193","post","type-post","status-publish","format-standard","has-post-thumbnail","hentry","category-rok-2016","category-tramwaj","tag-2016-05-02","tag-braunschweig","tag-bsvag-braunschweig","tag-majowka-2016","tag-niemcy","tag-solaris-tramino"],"_links":{"self":[{"href":"https:\/\/wgphoto.pl\/t\/index.php?rest_route=\/wp\/v2\/posts\/19193","targetHints":{"allow":["GET"]}}],"collection":[{"href":"https:\/\/wgphoto.pl\/t\/index.php?rest_route=\/wp\/v2\/posts"}],"about":[{"href":"https:\/\/wgphoto.pl\/t\/index.php?rest_route=\/wp\/v2\/types\/post"}],"author":[{"embeddable":true,"href":"https:\/\/wgphoto.pl\/t\/index.php?rest_route=\/wp\/v2\/users\/1"}],"replies":[{"embeddable":true,"href":"https:\/\/wgphoto.pl\/t\/index.php?rest_route=%2Fwp%2Fv2%2Fcomments&post=19193"}],"version-history":[{"count":1,"href":"https:\/\/wgphoto.pl\/t\/index.php?rest_route=\/wp\/v2\/posts\/19193\/revisions"}],"predecessor-version":[{"id":19195,"href":"https:\/\/wgphoto.pl\/t\/index.php?rest_route=\/wp\/v2\/posts\/19193\/revisions\/19195"}],"wp:featuredmedia":[{"embeddable":true,"href":"https:\/\/wgphoto.pl\/t\/index.php?rest_route=\/wp\/v2\/media\/19194"}],"wp:attachment":[{"href":"https:\/\/wgphoto.pl\/t\/index.php?rest_route=%2Fwp%2Fv2%2Fmedia&parent=19193"}],"wp:term":[{"taxonomy":"category","embeddable":true,"href":"https:\/\/wgphoto.pl\/t\/index.php?rest_route=%2Fwp%2Fv2%2Fcategories&post=19193"},{"taxonomy":"post_tag","embeddable":true,"href":"https:\/\/wgphoto.pl\/t\/index.php?rest_route=%2Fwp%2Fv2%2Ftags&post=19193"}],"curies":[{"name":"wp","href":"https:\/\/api.w.org\/{rel}","templated":true}]}}