{"id":19199,"date":"2025-06-28T15:41:33","date_gmt":"2025-06-28T13:41:33","guid":{"rendered":"https:\/\/wgphoto.pl\/t\/?p=19199"},"modified":"2025-06-28T15:41:33","modified_gmt":"2025-06-28T13:41:33","slug":"samochodoza","status":"publish","type":"post","link":"https:\/\/wgphoto.pl\/t\/?p=19199","title":{"rendered":"Samochodoza"},"content":{"rendered":"\n<figure class=\"wp-block-image aligncenter size-full\"><img loading=\"lazy\" decoding=\"async\" width=\"1300\" height=\"862\" src=\"https:\/\/wgphoto.pl\/t\/wp-content\/uploads\/2025\/06\/0533-00.jpg\" alt=\"\" class=\"wp-image-19200\" srcset=\"https:\/\/wgphoto.pl\/t\/wp-content\/uploads\/2025\/06\/0533-00.jpg 1300w, https:\/\/wgphoto.pl\/t\/wp-content\/uploads\/2025\/06\/0533-00-300x199.jpg 300w, https:\/\/wgphoto.pl\/t\/wp-content\/uploads\/2025\/06\/0533-00-768x509.jpg 768w\" sizes=\"auto, (max-width: 1300px) 100vw, 1300px\" \/><\/figure>\n\n\n\n<div class=\"wp-block-group has-global-padding is-layout-constrained wp-block-group-is-layout-constrained\">\n<p>Wroc\u0142aw, ul. Hugona Ko\u0142\u0142\u0105taja i 105Na 2426 na objazdowej (z nieznanego powodu) trasie szesnastki. 25.11.2005<\/p>\n<\/div>\n","protected":false},"excerpt":{"rendered":"<p>Wroc\u0142aw, ul. Hugona Ko\u0142\u0142\u0105taja i 105Na 2426 na objazdowej (z nieznanego powodu) trasie szesnastki. 25.11.2005<\/p>\n","protected":false},"author":1,"featured_media":19200,"comment_status":"open","ping_status":"","sticky":false,"template":"","format":"standard","meta":{"footnotes":""},"categories":[62,311,3],"tags":[155,4099,42,27,41,971],"class_list":["post-19199","post","type-post","status-publish","format-standard","has-post-thumbnail","hentry","category-analog","category-rok-2005","category-tramwaj","tag-105na","tag-2005-11-25","tag-mpk-wroclaw","tag-polska","tag-wroclaw","tag-wroclawskie-solowki"],"_links":{"self":[{"href":"https:\/\/wgphoto.pl\/t\/index.php?rest_route=\/wp\/v2\/posts\/19199","targetHints":{"allow":["GET"]}}],"collection":[{"href":"https:\/\/wgphoto.pl\/t\/index.php?rest_route=\/wp\/v2\/posts"}],"about":[{"href":"https:\/\/wgphoto.pl\/t\/index.php?rest_route=\/wp\/v2\/types\/post"}],"author":[{"embeddable":true,"href":"https:\/\/wgphoto.pl\/t\/index.php?rest_route=\/wp\/v2\/users\/1"}],"replies":[{"embeddable":true,"href":"https:\/\/wgphoto.pl\/t\/index.php?rest_route=%2Fwp%2Fv2%2Fcomments&post=19199"}],"version-history":[{"count":1,"href":"https:\/\/wgphoto.pl\/t\/index.php?rest_route=\/wp\/v2\/posts\/19199\/revisions"}],"predecessor-version":[{"id":19201,"href":"https:\/\/wgphoto.pl\/t\/index.php?rest_route=\/wp\/v2\/posts\/19199\/revisions\/19201"}],"wp:featuredmedia":[{"embeddable":true,"href":"https:\/\/wgphoto.pl\/t\/index.php?rest_route=\/wp\/v2\/media\/19200"}],"wp:attachment":[{"href":"https:\/\/wgphoto.pl\/t\/index.php?rest_route=%2Fwp%2Fv2%2Fmedia&parent=19199"}],"wp:term":[{"taxonomy":"category","embeddable":true,"href":"https:\/\/wgphoto.pl\/t\/index.php?rest_route=%2Fwp%2Fv2%2Fcategories&post=19199"},{"taxonomy":"post_tag","embeddable":true,"href":"https:\/\/wgphoto.pl\/t\/index.php?rest_route=%2Fwp%2Fv2%2Ftags&post=19199"}],"curies":[{"name":"wp","href":"https:\/\/api.w.org\/{rel}","templated":true}]}}