{"id":19208,"date":"2025-06-28T15:44:26","date_gmt":"2025-06-28T13:44:26","guid":{"rendered":"https:\/\/wgphoto.pl\/t\/?p=19208"},"modified":"2025-07-30T01:21:39","modified_gmt":"2025-07-29T23:21:39","slug":"przypadek","status":"publish","type":"post","link":"https:\/\/wgphoto.pl\/t\/?p=19208","title":{"rendered":"Przypadek"},"content":{"rendered":"\n<figure class=\"wp-block-image aligncenter size-full\"><img loading=\"lazy\" decoding=\"async\" width=\"1300\" height=\"861\" src=\"https:\/\/wgphoto.pl\/t\/wp-content\/uploads\/2025\/06\/IMGP4254.jpg\" alt=\"\" class=\"wp-image-19209\" srcset=\"https:\/\/wgphoto.pl\/t\/wp-content\/uploads\/2025\/06\/IMGP4254.jpg 1300w, https:\/\/wgphoto.pl\/t\/wp-content\/uploads\/2025\/06\/IMGP4254-300x199.jpg 300w, https:\/\/wgphoto.pl\/t\/wp-content\/uploads\/2025\/06\/IMGP4254-768x509.jpg 768w\" sizes=\"auto, (max-width: 1300px) 100vw, 1300px\" \/><\/figure>\n\n\n\n<div class=\"wp-block-group has-global-padding is-layout-constrained wp-block-group-is-layout-constrained\">\n<p>Jeden z tuneli powsta\u0142ych na bardzo rozleg\u0142ym w\u0119\u017ale T-centralen w zwi\u0105zku z budow\u0105 Citybanan. To nowa inwestycja, kt\u00f3rej jeszcze nie pozna\u0142em, a w to efektowne miejsce trafi\u0142em troch\u0119 przypadkowo. 23.09.2021<\/p>\n<\/div>\n","protected":false},"excerpt":{"rendered":"<p>Jeden z tuneli powsta\u0142ych na bardzo rozleg\u0142ym w\u0119\u017ale T-centralen w zwi\u0105zku z budow\u0105 Citybanan. To nowa inwestycja, kt\u00f3rej jeszcze nie pozna\u0142em, a w to efektowne miejsce trafi\u0142em troch\u0119 przypadkowo. 23.09.2021<\/p>\n","protected":false},"author":1,"featured_media":19209,"comment_status":"open","ping_status":"","sticky":false,"template":"","format":"standard","meta":{"footnotes":""},"categories":[220,4,681],"tags":[4100,719,1127,686,685,687,15],"class_list":["post-19208","post","type-post","status-publish","format-standard","has-post-thumbnail","hentry","category-blo","category-metro","category-rok-2021","tag-2021-09-23","tag-stacje-sztokholmskiego-metra","tag-stockholms-tunnelbana","tag-sztokholm","tag-szwecja","tag-szwecja-2021","tag-tunel"],"_links":{"self":[{"href":"https:\/\/wgphoto.pl\/t\/index.php?rest_route=\/wp\/v2\/posts\/19208","targetHints":{"allow":["GET"]}}],"collection":[{"href":"https:\/\/wgphoto.pl\/t\/index.php?rest_route=\/wp\/v2\/posts"}],"about":[{"href":"https:\/\/wgphoto.pl\/t\/index.php?rest_route=\/wp\/v2\/types\/post"}],"author":[{"embeddable":true,"href":"https:\/\/wgphoto.pl\/t\/index.php?rest_route=\/wp\/v2\/users\/1"}],"replies":[{"embeddable":true,"href":"https:\/\/wgphoto.pl\/t\/index.php?rest_route=%2Fwp%2Fv2%2Fcomments&post=19208"}],"version-history":[{"count":1,"href":"https:\/\/wgphoto.pl\/t\/index.php?rest_route=\/wp\/v2\/posts\/19208\/revisions"}],"predecessor-version":[{"id":19210,"href":"https:\/\/wgphoto.pl\/t\/index.php?rest_route=\/wp\/v2\/posts\/19208\/revisions\/19210"}],"wp:featuredmedia":[{"embeddable":true,"href":"https:\/\/wgphoto.pl\/t\/index.php?rest_route=\/wp\/v2\/media\/19209"}],"wp:attachment":[{"href":"https:\/\/wgphoto.pl\/t\/index.php?rest_route=%2Fwp%2Fv2%2Fmedia&parent=19208"}],"wp:term":[{"taxonomy":"category","embeddable":true,"href":"https:\/\/wgphoto.pl\/t\/index.php?rest_route=%2Fwp%2Fv2%2Fcategories&post=19208"},{"taxonomy":"post_tag","embeddable":true,"href":"https:\/\/wgphoto.pl\/t\/index.php?rest_route=%2Fwp%2Fv2%2Ftags&post=19208"}],"curies":[{"name":"wp","href":"https:\/\/api.w.org\/{rel}","templated":true}]}}