{"id":19227,"date":"2025-06-29T12:10:05","date_gmt":"2025-06-29T10:10:05","guid":{"rendered":"https:\/\/wgphoto.pl\/t\/?p=19227"},"modified":"2025-06-29T12:10:05","modified_gmt":"2025-06-29T10:10:05","slug":"testowa-wrzutka","status":"publish","type":"post","link":"https:\/\/wgphoto.pl\/t\/?p=19227","title":{"rendered":"Testowa wrzutka"},"content":{"rendered":"\n<figure class=\"wp-block-image aligncenter size-full\"><img loading=\"lazy\" decoding=\"async\" width=\"1300\" height=\"830\" src=\"https:\/\/wgphoto.pl\/t\/wp-content\/uploads\/2025\/06\/2001L-30.jpg\" alt=\"\" class=\"wp-image-19228\" srcset=\"https:\/\/wgphoto.pl\/t\/wp-content\/uploads\/2025\/06\/2001L-30.jpg 1300w, https:\/\/wgphoto.pl\/t\/wp-content\/uploads\/2025\/06\/2001L-30-300x192.jpg 300w, https:\/\/wgphoto.pl\/t\/wp-content\/uploads\/2025\/06\/2001L-30-768x490.jpg 768w\" sizes=\"auto, (max-width: 1300px) 100vw, 1300px\" \/><\/figure>\n\n\n\n<div class=\"wp-block-group has-global-padding is-layout-constrained wp-block-group-is-layout-constrained\">\n<p>ET21-544 z poci\u0105giem pospiesznym 66004 relacji Praha hl.n. &#8211; Wroc\u0142aw G\u0142. (przez Mierosz\u00f3w) jedzie szlakiem Wroc\u0142aw Zachodni &#8211; Wroc\u0142aw \u015awiebodzki. Wrzucam w ramach testu nowych skan\u00f3w. \ud83d\ude09 24.06.2001<\/p>\n<\/div>\n","protected":false},"excerpt":{"rendered":"<p>ET21-544 z poci\u0105giem pospiesznym 66004 relacji Praha hl.n. &#8211; Wroc\u0142aw G\u0142. (przez Mierosz\u00f3w) jedzie szlakiem Wroc\u0142aw Zachodni &#8211; Wroc\u0142aw \u015awiebodzki. Wrzucam w ramach testu nowych skan\u00f3w. \ud83d\ude09 24.06.2001<\/p>\n","protected":false},"author":1,"featured_media":19228,"comment_status":"open","ping_status":"","sticky":false,"template":"","format":"standard","meta":{"footnotes":""},"categories":[62,2,940],"tags":[4107,198,63,27,200,41,2311,1515,1623],"class_list":["post-19227","post","type-post","status-publish","format-standard","has-post-thumbnail","hentry","category-analog","category-kolej","category-rok-2001","tag-2001-06-24","tag-et21","tag-pkp","tag-polska","tag-tab-pl240","tag-wroclaw","tag-wroclaw-grabiszyn","tag-wroclaw-swiebodzki","tag-wroclaw-zachodni"],"_links":{"self":[{"href":"https:\/\/wgphoto.pl\/t\/index.php?rest_route=\/wp\/v2\/posts\/19227","targetHints":{"allow":["GET"]}}],"collection":[{"href":"https:\/\/wgphoto.pl\/t\/index.php?rest_route=\/wp\/v2\/posts"}],"about":[{"href":"https:\/\/wgphoto.pl\/t\/index.php?rest_route=\/wp\/v2\/types\/post"}],"author":[{"embeddable":true,"href":"https:\/\/wgphoto.pl\/t\/index.php?rest_route=\/wp\/v2\/users\/1"}],"replies":[{"embeddable":true,"href":"https:\/\/wgphoto.pl\/t\/index.php?rest_route=%2Fwp%2Fv2%2Fcomments&post=19227"}],"version-history":[{"count":1,"href":"https:\/\/wgphoto.pl\/t\/index.php?rest_route=\/wp\/v2\/posts\/19227\/revisions"}],"predecessor-version":[{"id":19229,"href":"https:\/\/wgphoto.pl\/t\/index.php?rest_route=\/wp\/v2\/posts\/19227\/revisions\/19229"}],"wp:featuredmedia":[{"embeddable":true,"href":"https:\/\/wgphoto.pl\/t\/index.php?rest_route=\/wp\/v2\/media\/19228"}],"wp:attachment":[{"href":"https:\/\/wgphoto.pl\/t\/index.php?rest_route=%2Fwp%2Fv2%2Fmedia&parent=19227"}],"wp:term":[{"taxonomy":"category","embeddable":true,"href":"https:\/\/wgphoto.pl\/t\/index.php?rest_route=%2Fwp%2Fv2%2Fcategories&post=19227"},{"taxonomy":"post_tag","embeddable":true,"href":"https:\/\/wgphoto.pl\/t\/index.php?rest_route=%2Fwp%2Fv2%2Ftags&post=19227"}],"curies":[{"name":"wp","href":"https:\/\/api.w.org\/{rel}","templated":true}]}}