{"id":1923,"date":"2024-10-07T16:53:10","date_gmt":"2024-10-07T14:53:10","guid":{"rendered":"https:\/\/wgphoto.pl\/t\/?p=1923"},"modified":"2024-10-07T16:53:10","modified_gmt":"2024-10-07T14:53:10","slug":"horka-do-horki","status":"publish","type":"post","link":"https:\/\/wgphoto.pl\/t\/?p=1923","title":{"rendered":"Horka do Horki"},"content":{"rendered":"\n<figure class=\"wp-block-image aligncenter size-full\"><img loading=\"lazy\" decoding=\"async\" width=\"1200\" height=\"800\" src=\"https:\/\/wgphoto.pl\/t\/wp-content\/uploads\/2024\/10\/0629-11a.jpg\" alt=\"\" class=\"wp-image-1924\" srcset=\"https:\/\/wgphoto.pl\/t\/wp-content\/uploads\/2024\/10\/0629-11a.jpg 1200w, https:\/\/wgphoto.pl\/t\/wp-content\/uploads\/2024\/10\/0629-11a-300x200.jpg 300w, https:\/\/wgphoto.pl\/t\/wp-content\/uploads\/2024\/10\/0629-11a-768x512.jpg 768w\" sizes=\"auto, (max-width: 1200px) 100vw, 1200px\" \/><\/figure>\n\n\n\n<div class=\"wp-block-group has-global-padding is-layout-constrained wp-block-group-is-layout-constrained\">\n<p>SU46-053 prowadzi \u0142adown\u0105 &#8222;hork\u0119&#8221; do Niemiec. Poci\u0105g znajduje si\u0119 w kilometrze 7,9 linii kolejowej 295 W\u0119gliniec &#8211; Bielawa Dolna (granica pa\u0144stwa). 16.12.2006<\/p>\n<\/div>\n","protected":false},"excerpt":{"rendered":"<p>SU46-053 prowadzi \u0142adown\u0105 &#8222;hork\u0119&#8221; do Niemiec. Poci\u0105g znajduje si\u0119 w kilometrze 7,9 linii kolejowej 295 W\u0119gliniec &#8211; Bielawa Dolna (granica pa\u0144stwa). 16.12.2006<\/p>\n","protected":false},"author":1,"featured_media":1924,"comment_status":"open","ping_status":"","sticky":false,"template":"","format":"standard","meta":{"footnotes":""},"categories":[62,2,130],"tags":[1001,1000,63,27,84,598],"class_list":["post-1923","post","type-post","status-publish","format-standard","has-post-thumbnail","hentry","category-analog","category-kolej","category-rok-2006","tag-2006-12-16","tag-bielawa-dolna","tag-pkp","tag-polska","tag-su46","tag-wegliniec"],"_links":{"self":[{"href":"https:\/\/wgphoto.pl\/t\/index.php?rest_route=\/wp\/v2\/posts\/1923","targetHints":{"allow":["GET"]}}],"collection":[{"href":"https:\/\/wgphoto.pl\/t\/index.php?rest_route=\/wp\/v2\/posts"}],"about":[{"href":"https:\/\/wgphoto.pl\/t\/index.php?rest_route=\/wp\/v2\/types\/post"}],"author":[{"embeddable":true,"href":"https:\/\/wgphoto.pl\/t\/index.php?rest_route=\/wp\/v2\/users\/1"}],"replies":[{"embeddable":true,"href":"https:\/\/wgphoto.pl\/t\/index.php?rest_route=%2Fwp%2Fv2%2Fcomments&post=1923"}],"version-history":[{"count":1,"href":"https:\/\/wgphoto.pl\/t\/index.php?rest_route=\/wp\/v2\/posts\/1923\/revisions"}],"predecessor-version":[{"id":1925,"href":"https:\/\/wgphoto.pl\/t\/index.php?rest_route=\/wp\/v2\/posts\/1923\/revisions\/1925"}],"wp:featuredmedia":[{"embeddable":true,"href":"https:\/\/wgphoto.pl\/t\/index.php?rest_route=\/wp\/v2\/media\/1924"}],"wp:attachment":[{"href":"https:\/\/wgphoto.pl\/t\/index.php?rest_route=%2Fwp%2Fv2%2Fmedia&parent=1923"}],"wp:term":[{"taxonomy":"category","embeddable":true,"href":"https:\/\/wgphoto.pl\/t\/index.php?rest_route=%2Fwp%2Fv2%2Fcategories&post=1923"},{"taxonomy":"post_tag","embeddable":true,"href":"https:\/\/wgphoto.pl\/t\/index.php?rest_route=%2Fwp%2Fv2%2Ftags&post=1923"}],"curies":[{"name":"wp","href":"https:\/\/api.w.org\/{rel}","templated":true}]}}