{"id":19230,"date":"2025-06-29T12:11:05","date_gmt":"2025-06-29T10:11:05","guid":{"rendered":"https:\/\/wgphoto.pl\/t\/?p=19230"},"modified":"2025-06-29T12:11:05","modified_gmt":"2025-06-29T10:11:05","slug":"wszystko-na-swoim-miejscu-2","status":"publish","type":"post","link":"https:\/\/wgphoto.pl\/t\/?p=19230","title":{"rendered":"Wszystko na swoim miejscu"},"content":{"rendered":"\n<figure class=\"wp-block-image aligncenter size-full\"><img loading=\"lazy\" decoding=\"async\" width=\"1300\" height=\"861\" src=\"https:\/\/wgphoto.pl\/t\/wp-content\/uploads\/2025\/06\/IMGP8696.jpg\" alt=\"\" class=\"wp-image-19232\" srcset=\"https:\/\/wgphoto.pl\/t\/wp-content\/uploads\/2025\/06\/IMGP8696.jpg 1300w, https:\/\/wgphoto.pl\/t\/wp-content\/uploads\/2025\/06\/IMGP8696-300x199.jpg 300w, https:\/\/wgphoto.pl\/t\/wp-content\/uploads\/2025\/06\/IMGP8696-768x509.jpg 768w\" sizes=\"auto, (max-width: 1300px) 100vw, 1300px\" \/><\/figure>\n\n\n\n<div class=\"wp-block-group has-global-padding is-layout-constrained wp-block-group-is-layout-constrained\">\n<p>Zurych, Bahnhofstrasse, sk\u0142ad wagon\u00f3w &#8222;Tram 2000&#8221; (cho\u0107 rok produkcji to rok 1992) Be4\/8+Be2\/4 nr 2115+? pod dworcem g\u0142\u00f3wnym. 27.03.2018<\/p>\n<\/div>\n","protected":false},"excerpt":{"rendered":"<p>Zurych, Bahnhofstrasse, sk\u0142ad wagon\u00f3w &#8222;Tram 2000&#8221; (cho\u0107 rok produkcji to rok 1992) Be4\/8+Be2\/4 nr 2115+? pod dworcem g\u0142\u00f3wnym. 27.03.2018<\/p>\n","protected":false},"author":1,"featured_media":19232,"comment_status":"open","ping_status":"","sticky":false,"template":"","format":"standard","meta":{"footnotes":""},"categories":[156,3],"tags":[545,239,151,143,1423,380,183,186,542,543],"class_list":["post-19230","post","type-post","status-publish","format-standard","has-post-thumbnail","hentry","category-rok-2018","category-tramwaj","tag-2018-03-27","tag-deptak","tag-ludzie","tag-ponad-30m","tag-schindler-be","tag-spod-dworca","tag-suissetrip-2018","tag-szwajcaria","tag-vbz-zurich","tag-zurych"],"_links":{"self":[{"href":"https:\/\/wgphoto.pl\/t\/index.php?rest_route=\/wp\/v2\/posts\/19230","targetHints":{"allow":["GET"]}}],"collection":[{"href":"https:\/\/wgphoto.pl\/t\/index.php?rest_route=\/wp\/v2\/posts"}],"about":[{"href":"https:\/\/wgphoto.pl\/t\/index.php?rest_route=\/wp\/v2\/types\/post"}],"author":[{"embeddable":true,"href":"https:\/\/wgphoto.pl\/t\/index.php?rest_route=\/wp\/v2\/users\/1"}],"replies":[{"embeddable":true,"href":"https:\/\/wgphoto.pl\/t\/index.php?rest_route=%2Fwp%2Fv2%2Fcomments&post=19230"}],"version-history":[{"count":1,"href":"https:\/\/wgphoto.pl\/t\/index.php?rest_route=\/wp\/v2\/posts\/19230\/revisions"}],"predecessor-version":[{"id":19233,"href":"https:\/\/wgphoto.pl\/t\/index.php?rest_route=\/wp\/v2\/posts\/19230\/revisions\/19233"}],"wp:featuredmedia":[{"embeddable":true,"href":"https:\/\/wgphoto.pl\/t\/index.php?rest_route=\/wp\/v2\/media\/19232"}],"wp:attachment":[{"href":"https:\/\/wgphoto.pl\/t\/index.php?rest_route=%2Fwp%2Fv2%2Fmedia&parent=19230"}],"wp:term":[{"taxonomy":"category","embeddable":true,"href":"https:\/\/wgphoto.pl\/t\/index.php?rest_route=%2Fwp%2Fv2%2Fcategories&post=19230"},{"taxonomy":"post_tag","embeddable":true,"href":"https:\/\/wgphoto.pl\/t\/index.php?rest_route=%2Fwp%2Fv2%2Ftags&post=19230"}],"curies":[{"name":"wp","href":"https:\/\/api.w.org\/{rel}","templated":true}]}}