{"id":19237,"date":"2025-06-29T12:13:12","date_gmt":"2025-06-29T10:13:12","guid":{"rendered":"https:\/\/wgphoto.pl\/t\/?p=19237"},"modified":"2025-06-29T12:13:12","modified_gmt":"2025-06-29T10:13:12","slug":"caly-na-bialo-2","status":"publish","type":"post","link":"https:\/\/wgphoto.pl\/t\/?p=19237","title":{"rendered":"Ca\u0142y na bia\u0142o"},"content":{"rendered":"\n<figure class=\"wp-block-image aligncenter size-full\"><img loading=\"lazy\" decoding=\"async\" width=\"1300\" height=\"862\" src=\"https:\/\/wgphoto.pl\/t\/wp-content\/uploads\/2025\/06\/0503-30.jpg\" alt=\"\" class=\"wp-image-19238\" srcset=\"https:\/\/wgphoto.pl\/t\/wp-content\/uploads\/2025\/06\/0503-30.jpg 1300w, https:\/\/wgphoto.pl\/t\/wp-content\/uploads\/2025\/06\/0503-30-300x199.jpg 300w, https:\/\/wgphoto.pl\/t\/wp-content\/uploads\/2025\/06\/0503-30-768x509.jpg 768w\" sizes=\"auto, (max-width: 1300px) 100vw, 1300px\" \/><\/figure>\n\n\n\n<div class=\"wp-block-group has-global-padding is-layout-constrained wp-block-group-is-layout-constrained\">\n<p>GT8 679 przed chwil\u0105 odjecha\u0142 z p\u0119tli D\u0119biec w Poznaniu, a motorniczy, skoro dopija kaw\u0119 podczas jazdy, nie mia\u0142 pewnie r\u00f3wnie\u017c czasu zmieni\u0107 tablicy kierunkowej. 24.02.2005<\/p>\n<\/div>\n","protected":false},"excerpt":{"rendered":"<p>GT8 679 przed chwil\u0105 odjecha\u0142 z p\u0119tli D\u0119biec w Poznaniu, a motorniczy, skoro dopija kaw\u0119 podczas jazdy, nie mia\u0142 pewnie r\u00f3wnie\u017c czasu zmieni\u0107 tablicy kierunkowej. 24.02.2005<\/p>\n","protected":false},"author":1,"featured_media":19238,"comment_status":"open","ping_status":"","sticky":false,"template":"","format":"standard","meta":{"footnotes":""},"categories":[62,311,3],"tags":[2734,238,236,27,235,44],"class_list":["post-19237","post","type-post","status-publish","format-standard","has-post-thumbnail","hentry","category-analog","category-rok-2005","category-tramwaj","tag-2005-02-24","tag-gt8","tag-mpk-poznan","tag-polska","tag-poznan","tag-snieg"],"_links":{"self":[{"href":"https:\/\/wgphoto.pl\/t\/index.php?rest_route=\/wp\/v2\/posts\/19237","targetHints":{"allow":["GET"]}}],"collection":[{"href":"https:\/\/wgphoto.pl\/t\/index.php?rest_route=\/wp\/v2\/posts"}],"about":[{"href":"https:\/\/wgphoto.pl\/t\/index.php?rest_route=\/wp\/v2\/types\/post"}],"author":[{"embeddable":true,"href":"https:\/\/wgphoto.pl\/t\/index.php?rest_route=\/wp\/v2\/users\/1"}],"replies":[{"embeddable":true,"href":"https:\/\/wgphoto.pl\/t\/index.php?rest_route=%2Fwp%2Fv2%2Fcomments&post=19237"}],"version-history":[{"count":1,"href":"https:\/\/wgphoto.pl\/t\/index.php?rest_route=\/wp\/v2\/posts\/19237\/revisions"}],"predecessor-version":[{"id":19239,"href":"https:\/\/wgphoto.pl\/t\/index.php?rest_route=\/wp\/v2\/posts\/19237\/revisions\/19239"}],"wp:featuredmedia":[{"embeddable":true,"href":"https:\/\/wgphoto.pl\/t\/index.php?rest_route=\/wp\/v2\/media\/19238"}],"wp:attachment":[{"href":"https:\/\/wgphoto.pl\/t\/index.php?rest_route=%2Fwp%2Fv2%2Fmedia&parent=19237"}],"wp:term":[{"taxonomy":"category","embeddable":true,"href":"https:\/\/wgphoto.pl\/t\/index.php?rest_route=%2Fwp%2Fv2%2Fcategories&post=19237"},{"taxonomy":"post_tag","embeddable":true,"href":"https:\/\/wgphoto.pl\/t\/index.php?rest_route=%2Fwp%2Fv2%2Ftags&post=19237"}],"curies":[{"name":"wp","href":"https:\/\/api.w.org\/{rel}","templated":true}]}}