{"id":19254,"date":"2025-06-29T12:18:24","date_gmt":"2025-06-29T10:18:24","guid":{"rendered":"https:\/\/wgphoto.pl\/t\/?p=19254"},"modified":"2025-06-29T12:18:24","modified_gmt":"2025-06-29T10:18:24","slug":"sp32-075","status":"publish","type":"post","link":"https:\/\/wgphoto.pl\/t\/?p=19254","title":{"rendered":"SP32-075"},"content":{"rendered":"\n<figure class=\"wp-block-image aligncenter size-full\"><img loading=\"lazy\" decoding=\"async\" width=\"1300\" height=\"861\" src=\"https:\/\/wgphoto.pl\/t\/wp-content\/uploads\/2025\/06\/2001Q-35.jpg\" alt=\"\" class=\"wp-image-19255\" srcset=\"https:\/\/wgphoto.pl\/t\/wp-content\/uploads\/2025\/06\/2001Q-35.jpg 1300w, https:\/\/wgphoto.pl\/t\/wp-content\/uploads\/2025\/06\/2001Q-35-300x199.jpg 300w, https:\/\/wgphoto.pl\/t\/wp-content\/uploads\/2025\/06\/2001Q-35-768x509.jpg 768w\" sizes=\"auto, (max-width: 1300px) 100vw, 1300px\" \/><\/figure>\n\n\n\n<div class=\"wp-block-group has-global-padding is-layout-constrained wp-block-group-is-layout-constrained\">\n<p>SP32-075 z poci\u0105giem osobowym 66043 do Mezim\u011bst\u00ed przed odjazdem z Wa\u0142brzycha G\u0142\u00f3wnego. Foto pod poranne, a wi\u0119c niskie i ostre s\u0142o\u0144ce oraz analog to nie jest dobre po\u0142\u0105czenie, ale uda\u0142o mi si\u0119 z tego cokolwiek wyci\u0105gn\u0105\u0107. 02.09.2001<\/p>\n<\/div>\n","protected":false},"excerpt":{"rendered":"<p>SP32-075 z poci\u0105giem osobowym 66043 do Mezim\u011bst\u00ed przed odjazdem z Wa\u0142brzycha G\u0142\u00f3wnego. Foto pod poranne, a wi\u0119c niskie i ostre s\u0142o\u0144ce oraz analog to nie jest dobre po\u0142\u0105czenie, ale uda\u0142o mi si\u0119 z tego cokolwiek wyci\u0105gn\u0105\u0107. 02.09.2001<\/p>\n","protected":false},"author":1,"featured_media":19255,"comment_status":"open","ping_status":"","sticky":false,"template":"","format":"standard","meta":{"footnotes":""},"categories":[62,2,940],"tags":[4111,63,27,385,200,1101],"class_list":["post-19254","post","type-post","status-publish","format-standard","has-post-thumbnail","hentry","category-analog","category-kolej","category-rok-2001","tag-2001-09-02","tag-pkp","tag-polska","tag-sp32","tag-tab-pl240","tag-walbrzych-glowny"],"_links":{"self":[{"href":"https:\/\/wgphoto.pl\/t\/index.php?rest_route=\/wp\/v2\/posts\/19254","targetHints":{"allow":["GET"]}}],"collection":[{"href":"https:\/\/wgphoto.pl\/t\/index.php?rest_route=\/wp\/v2\/posts"}],"about":[{"href":"https:\/\/wgphoto.pl\/t\/index.php?rest_route=\/wp\/v2\/types\/post"}],"author":[{"embeddable":true,"href":"https:\/\/wgphoto.pl\/t\/index.php?rest_route=\/wp\/v2\/users\/1"}],"replies":[{"embeddable":true,"href":"https:\/\/wgphoto.pl\/t\/index.php?rest_route=%2Fwp%2Fv2%2Fcomments&post=19254"}],"version-history":[{"count":1,"href":"https:\/\/wgphoto.pl\/t\/index.php?rest_route=\/wp\/v2\/posts\/19254\/revisions"}],"predecessor-version":[{"id":19256,"href":"https:\/\/wgphoto.pl\/t\/index.php?rest_route=\/wp\/v2\/posts\/19254\/revisions\/19256"}],"wp:featuredmedia":[{"embeddable":true,"href":"https:\/\/wgphoto.pl\/t\/index.php?rest_route=\/wp\/v2\/media\/19255"}],"wp:attachment":[{"href":"https:\/\/wgphoto.pl\/t\/index.php?rest_route=%2Fwp%2Fv2%2Fmedia&parent=19254"}],"wp:term":[{"taxonomy":"category","embeddable":true,"href":"https:\/\/wgphoto.pl\/t\/index.php?rest_route=%2Fwp%2Fv2%2Fcategories&post=19254"},{"taxonomy":"post_tag","embeddable":true,"href":"https:\/\/wgphoto.pl\/t\/index.php?rest_route=%2Fwp%2Fv2%2Ftags&post=19254"}],"curies":[{"name":"wp","href":"https:\/\/api.w.org\/{rel}","templated":true}]}}