{"id":19263,"date":"2025-06-29T12:20:55","date_gmt":"2025-06-29T10:20:55","guid":{"rendered":"https:\/\/wgphoto.pl\/t\/?p=19263"},"modified":"2025-06-29T12:21:11","modified_gmt":"2025-06-29T10:21:11","slug":"obce-bohuny-na-dolnym-slasku","status":"publish","type":"post","link":"https:\/\/wgphoto.pl\/t\/?p=19263","title":{"rendered":"Obce Bohuny na Dolnym \u015al\u0105sku"},"content":{"rendered":"\n<figure class=\"wp-block-image aligncenter size-full\"><img loading=\"lazy\" decoding=\"async\" width=\"1300\" height=\"867\" src=\"https:\/\/wgphoto.pl\/t\/wp-content\/uploads\/2025\/06\/2001Q-28.jpg\" alt=\"\" class=\"wp-image-19264\" srcset=\"https:\/\/wgphoto.pl\/t\/wp-content\/uploads\/2025\/06\/2001Q-28.jpg 1300w, https:\/\/wgphoto.pl\/t\/wp-content\/uploads\/2025\/06\/2001Q-28-300x200.jpg 300w, https:\/\/wgphoto.pl\/t\/wp-content\/uploads\/2025\/06\/2001Q-28-768x512.jpg 768w\" sizes=\"auto, (max-width: 1300px) 100vw, 1300px\" \/><\/figure>\n\n\n\n<div class=\"wp-block-group has-global-padding is-layout-constrained wp-block-group-is-layout-constrained\">\n<p>Mietk\u00f3w &#8211; K\u0105ty Wroc\u0142awskie. EU07-186 prowadzi poci\u0105g osobowy 224 z Jeleniej G\u00f3ry do Wroc\u0142awia. Wtedy Wroc\u0142aw nie mia\u0142 na stanie Bohun\u00f3w. Ten akurat sk\u0142ad mia\u0142 obieg \u0142\u0105czony z porannym osobowym z Raciborza do Wroc\u0142awia i wieczornym powrotnym tam\u017ce, w mi\u0119dzyczasie wagony robi\u0142y &#8222;k\u00f3\u0142ko&#8221; do Jeleniej G\u00f3ry, a rok wcze\u015bniej, zdaje si\u0119, do W\u0119gli\u0144ca. 30.08.2001<\/p>\n<\/div>\n","protected":false},"excerpt":{"rendered":"<p>Mietk\u00f3w &#8211; K\u0105ty Wroc\u0142awskie. EU07-186 prowadzi poci\u0105g osobowy 224 z Jeleniej G\u00f3ry do Wroc\u0142awia. Wtedy Wroc\u0142aw nie mia\u0142 na stanie Bohun\u00f3w. Ten akurat sk\u0142ad mia\u0142 obieg \u0142\u0105czony z porannym osobowym z Raciborza do Wroc\u0142awia i wieczornym powrotnym tam\u017ce, w mi\u0119dzyczasie wagony robi\u0142y &#8222;k\u00f3\u0142ko&#8221; do Jeleniej G\u00f3ry, a rok wcze\u015bniej, zdaje si\u0119, do W\u0119gli\u0144ca. 30.08.2001<\/p>\n","protected":false},"author":1,"featured_media":19264,"comment_status":"open","ping_status":"","sticky":false,"template":"","format":"standard","meta":{"footnotes":""},"categories":[62,2,940],"tags":[4114,283,122,2404,2403,63,27,200],"class_list":["post-19263","post","type-post","status-publish","format-standard","has-post-thumbnail","hentry","category-analog","category-kolej","category-rok-2001","tag-2001-08-30","tag-bdhpmnu","tag-eu07","tag-katy-wroclawskie","tag-mietkow","tag-pkp","tag-polska","tag-tab-pl240"],"_links":{"self":[{"href":"https:\/\/wgphoto.pl\/t\/index.php?rest_route=\/wp\/v2\/posts\/19263","targetHints":{"allow":["GET"]}}],"collection":[{"href":"https:\/\/wgphoto.pl\/t\/index.php?rest_route=\/wp\/v2\/posts"}],"about":[{"href":"https:\/\/wgphoto.pl\/t\/index.php?rest_route=\/wp\/v2\/types\/post"}],"author":[{"embeddable":true,"href":"https:\/\/wgphoto.pl\/t\/index.php?rest_route=\/wp\/v2\/users\/1"}],"replies":[{"embeddable":true,"href":"https:\/\/wgphoto.pl\/t\/index.php?rest_route=%2Fwp%2Fv2%2Fcomments&post=19263"}],"version-history":[{"count":1,"href":"https:\/\/wgphoto.pl\/t\/index.php?rest_route=\/wp\/v2\/posts\/19263\/revisions"}],"predecessor-version":[{"id":19265,"href":"https:\/\/wgphoto.pl\/t\/index.php?rest_route=\/wp\/v2\/posts\/19263\/revisions\/19265"}],"wp:featuredmedia":[{"embeddable":true,"href":"https:\/\/wgphoto.pl\/t\/index.php?rest_route=\/wp\/v2\/media\/19264"}],"wp:attachment":[{"href":"https:\/\/wgphoto.pl\/t\/index.php?rest_route=%2Fwp%2Fv2%2Fmedia&parent=19263"}],"wp:term":[{"taxonomy":"category","embeddable":true,"href":"https:\/\/wgphoto.pl\/t\/index.php?rest_route=%2Fwp%2Fv2%2Fcategories&post=19263"},{"taxonomy":"post_tag","embeddable":true,"href":"https:\/\/wgphoto.pl\/t\/index.php?rest_route=%2Fwp%2Fv2%2Ftags&post=19263"}],"curies":[{"name":"wp","href":"https:\/\/api.w.org\/{rel}","templated":true}]}}