{"id":19278,"date":"2025-06-29T12:26:08","date_gmt":"2025-06-29T10:26:08","guid":{"rendered":"https:\/\/wgphoto.pl\/t\/?p=19278"},"modified":"2025-06-29T12:26:08","modified_gmt":"2025-06-29T10:26:08","slug":"czlowiek-i-filar","status":"publish","type":"post","link":"https:\/\/wgphoto.pl\/t\/?p=19278","title":{"rendered":"Cz\u0142owiek i filar"},"content":{"rendered":"\n<figure class=\"wp-block-image aligncenter size-full\"><img loading=\"lazy\" decoding=\"async\" width=\"1300\" height=\"861\" src=\"https:\/\/wgphoto.pl\/t\/wp-content\/uploads\/2025\/06\/IMGP1744.jpg\" alt=\"\" class=\"wp-image-19279\" srcset=\"https:\/\/wgphoto.pl\/t\/wp-content\/uploads\/2025\/06\/IMGP1744.jpg 1300w, https:\/\/wgphoto.pl\/t\/wp-content\/uploads\/2025\/06\/IMGP1744-300x199.jpg 300w, https:\/\/wgphoto.pl\/t\/wp-content\/uploads\/2025\/06\/IMGP1744-768x509.jpg 768w\" sizes=\"auto, (max-width: 1300px) 100vw, 1300px\" \/><\/figure>\n\n\n\n<div class=\"wp-block-group has-global-padding is-layout-constrained wp-block-group-is-layout-constrained\">\n<p>Sztokholm, stacja Mariatorget, sk\u0142ad typu C30 nr ?+2326 i rze\u017aba &#8222;Cz\u0142owiek i filar&#8221;. 31.03.2023<\/p>\n<\/div>\n","protected":false},"excerpt":{"rendered":"<p>Sztokholm, stacja Mariatorget, sk\u0142ad typu C30 nr ?+2326 i rze\u017aba &#8222;Cz\u0142owiek i filar&#8221;. 31.03.2023<\/p>\n","protected":false},"author":1,"featured_media":19279,"comment_status":"open","ping_status":"","sticky":false,"template":"","format":"standard","meta":{"footnotes":""},"categories":[220,4,6],"tags":[4117,2199,173,682,1127,686,685,4101,15],"class_list":["post-19278","post","type-post","status-publish","format-standard","has-post-thumbnail","hentry","category-blo","category-metro","category-2023r","tag-2023-03-31","tag-c30","tag-koncowki","tag-sl-stockholm","tag-stockholms-tunnelbana","tag-sztokholm","tag-szwecja","tag-szwedzka-wiosna-2023","tag-tunel"],"_links":{"self":[{"href":"https:\/\/wgphoto.pl\/t\/index.php?rest_route=\/wp\/v2\/posts\/19278","targetHints":{"allow":["GET"]}}],"collection":[{"href":"https:\/\/wgphoto.pl\/t\/index.php?rest_route=\/wp\/v2\/posts"}],"about":[{"href":"https:\/\/wgphoto.pl\/t\/index.php?rest_route=\/wp\/v2\/types\/post"}],"author":[{"embeddable":true,"href":"https:\/\/wgphoto.pl\/t\/index.php?rest_route=\/wp\/v2\/users\/1"}],"replies":[{"embeddable":true,"href":"https:\/\/wgphoto.pl\/t\/index.php?rest_route=%2Fwp%2Fv2%2Fcomments&post=19278"}],"version-history":[{"count":1,"href":"https:\/\/wgphoto.pl\/t\/index.php?rest_route=\/wp\/v2\/posts\/19278\/revisions"}],"predecessor-version":[{"id":19280,"href":"https:\/\/wgphoto.pl\/t\/index.php?rest_route=\/wp\/v2\/posts\/19278\/revisions\/19280"}],"wp:featuredmedia":[{"embeddable":true,"href":"https:\/\/wgphoto.pl\/t\/index.php?rest_route=\/wp\/v2\/media\/19279"}],"wp:attachment":[{"href":"https:\/\/wgphoto.pl\/t\/index.php?rest_route=%2Fwp%2Fv2%2Fmedia&parent=19278"}],"wp:term":[{"taxonomy":"category","embeddable":true,"href":"https:\/\/wgphoto.pl\/t\/index.php?rest_route=%2Fwp%2Fv2%2Fcategories&post=19278"},{"taxonomy":"post_tag","embeddable":true,"href":"https:\/\/wgphoto.pl\/t\/index.php?rest_route=%2Fwp%2Fv2%2Ftags&post=19278"}],"curies":[{"name":"wp","href":"https:\/\/api.w.org\/{rel}","templated":true}]}}