{"id":19287,"date":"2025-06-29T12:28:36","date_gmt":"2025-06-29T10:28:36","guid":{"rendered":"https:\/\/wgphoto.pl\/t\/?p=19287"},"modified":"2025-06-29T12:28:36","modified_gmt":"2025-06-29T10:28:36","slug":"mleczyki-2","status":"publish","type":"post","link":"https:\/\/wgphoto.pl\/t\/?p=19287","title":{"rendered":"Mleczyki"},"content":{"rendered":"\n<figure class=\"wp-block-image aligncenter size-full\"><img loading=\"lazy\" decoding=\"async\" width=\"1299\" height=\"852\" src=\"https:\/\/wgphoto.pl\/t\/wp-content\/uploads\/2025\/06\/0313-35.jpg\" alt=\"\" class=\"wp-image-19288\" srcset=\"https:\/\/wgphoto.pl\/t\/wp-content\/uploads\/2025\/06\/0313-35.jpg 1299w, https:\/\/wgphoto.pl\/t\/wp-content\/uploads\/2025\/06\/0313-35-300x197.jpg 300w, https:\/\/wgphoto.pl\/t\/wp-content\/uploads\/2025\/06\/0313-35-768x504.jpg 768w\" sizes=\"auto, (max-width: 1299px) 100vw, 1299px\" \/><\/figure>\n\n\n\n<div class=\"wp-block-group has-global-padding is-layout-constrained wp-block-group-is-layout-constrained\">\n<p>EU07-037 z CM Wroc\u0142aw z poci\u0105giem osobowym 319 do Mi\u0119dzylesia mija semafor wjazdowy do Podg Lamowice. 04.05.2003<\/p>\n<\/div>\n","protected":false},"excerpt":{"rendered":"<p>EU07-037 z CM Wroc\u0142aw z poci\u0105giem osobowym 319 do Mi\u0119dzylesia mija semafor wjazdowy do Podg Lamowice. 04.05.2003<\/p>\n","protected":false},"author":1,"featured_media":19288,"comment_status":"open","ping_status":"","sticky":false,"template":"","format":"standard","meta":{"footnotes":""},"categories":[62,2,149],"tags":[4119,122,63,1701,27,383,294,41],"class_list":["post-19287","post","type-post","status-publish","format-standard","has-post-thumbnail","hentry","category-analog","category-kolej","category-rok-2003","tag-2003-05-04","tag-eu07","tag-pkp","tag-podg-lamowice","tag-polska","tag-tab-pl230","tag-wiosna","tag-wroclaw"],"_links":{"self":[{"href":"https:\/\/wgphoto.pl\/t\/index.php?rest_route=\/wp\/v2\/posts\/19287","targetHints":{"allow":["GET"]}}],"collection":[{"href":"https:\/\/wgphoto.pl\/t\/index.php?rest_route=\/wp\/v2\/posts"}],"about":[{"href":"https:\/\/wgphoto.pl\/t\/index.php?rest_route=\/wp\/v2\/types\/post"}],"author":[{"embeddable":true,"href":"https:\/\/wgphoto.pl\/t\/index.php?rest_route=\/wp\/v2\/users\/1"}],"replies":[{"embeddable":true,"href":"https:\/\/wgphoto.pl\/t\/index.php?rest_route=%2Fwp%2Fv2%2Fcomments&post=19287"}],"version-history":[{"count":1,"href":"https:\/\/wgphoto.pl\/t\/index.php?rest_route=\/wp\/v2\/posts\/19287\/revisions"}],"predecessor-version":[{"id":19289,"href":"https:\/\/wgphoto.pl\/t\/index.php?rest_route=\/wp\/v2\/posts\/19287\/revisions\/19289"}],"wp:featuredmedia":[{"embeddable":true,"href":"https:\/\/wgphoto.pl\/t\/index.php?rest_route=\/wp\/v2\/media\/19288"}],"wp:attachment":[{"href":"https:\/\/wgphoto.pl\/t\/index.php?rest_route=%2Fwp%2Fv2%2Fmedia&parent=19287"}],"wp:term":[{"taxonomy":"category","embeddable":true,"href":"https:\/\/wgphoto.pl\/t\/index.php?rest_route=%2Fwp%2Fv2%2Fcategories&post=19287"},{"taxonomy":"post_tag","embeddable":true,"href":"https:\/\/wgphoto.pl\/t\/index.php?rest_route=%2Fwp%2Fv2%2Ftags&post=19287"}],"curies":[{"name":"wp","href":"https:\/\/api.w.org\/{rel}","templated":true}]}}