{"id":1929,"date":"2024-10-07T16:55:08","date_gmt":"2024-10-07T14:55:08","guid":{"rendered":"https:\/\/wgphoto.pl\/t\/?p=1929"},"modified":"2024-10-07T16:55:08","modified_gmt":"2024-10-07T14:55:08","slug":"w-kapciach-po-parkiecie","status":"publish","type":"post","link":"https:\/\/wgphoto.pl\/t\/?p=1929","title":{"rendered":"W kapciach po parkiecie"},"content":{"rendered":"\n<figure class=\"wp-block-image aligncenter size-full\"><img loading=\"lazy\" decoding=\"async\" width=\"1200\" height=\"795\" src=\"https:\/\/wgphoto.pl\/t\/wp-content\/uploads\/2024\/10\/IMGP1153.jpg\" alt=\"\" class=\"wp-image-1930\" srcset=\"https:\/\/wgphoto.pl\/t\/wp-content\/uploads\/2024\/10\/IMGP1153.jpg 1200w, https:\/\/wgphoto.pl\/t\/wp-content\/uploads\/2024\/10\/IMGP1153-300x199.jpg 300w, https:\/\/wgphoto.pl\/t\/wp-content\/uploads\/2024\/10\/IMGP1153-768x509.jpg 768w\" sizes=\"auto, (max-width: 1200px) 100vw, 1200px\" \/><\/figure>\n\n\n\n<div class=\"wp-block-group has-global-padding is-layout-constrained wp-block-group-is-layout-constrained\">\n<p>Haga, przystanek Spui, jeden z dw\u00f3ch podziemnych w miejscowym premetrze. Drewnopodobna wyk\u0142adzina na peronie nieco ociepla betonow\u0105 przestrze\u0144. 01.05.2017<\/p>\n<\/div>\n","protected":false},"excerpt":{"rendered":"<p>Haga, przystanek Spui, jeden z dw\u00f3ch podziemnych w miejscowym premetrze. Drewnopodobna wyk\u0142adzina na peronie nieco ociepla betonow\u0105 przestrze\u0144. 01.05.2017<\/p>\n","protected":false},"author":1,"featured_media":1930,"comment_status":"open","ping_status":"","sticky":false,"template":"","format":"standard","meta":{"footnotes":""},"categories":[368,3],"tags":[373,371,370,369,173,787,103,1005,1004,15],"class_list":["post-1929","post","type-post","status-publish","format-standard","has-post-thumbnail","hentry","category-rok-2017","category-tramwaj","tag-2017-05-01","tag-haga","tag-holandia","tag-htm-den-haag","tag-koncowki","tag-majowka-2017-2","tag-premetro","tag-randstad-rail","tag-regio-citadis","tag-tunel"],"_links":{"self":[{"href":"https:\/\/wgphoto.pl\/t\/index.php?rest_route=\/wp\/v2\/posts\/1929","targetHints":{"allow":["GET"]}}],"collection":[{"href":"https:\/\/wgphoto.pl\/t\/index.php?rest_route=\/wp\/v2\/posts"}],"about":[{"href":"https:\/\/wgphoto.pl\/t\/index.php?rest_route=\/wp\/v2\/types\/post"}],"author":[{"embeddable":true,"href":"https:\/\/wgphoto.pl\/t\/index.php?rest_route=\/wp\/v2\/users\/1"}],"replies":[{"embeddable":true,"href":"https:\/\/wgphoto.pl\/t\/index.php?rest_route=%2Fwp%2Fv2%2Fcomments&post=1929"}],"version-history":[{"count":1,"href":"https:\/\/wgphoto.pl\/t\/index.php?rest_route=\/wp\/v2\/posts\/1929\/revisions"}],"predecessor-version":[{"id":1931,"href":"https:\/\/wgphoto.pl\/t\/index.php?rest_route=\/wp\/v2\/posts\/1929\/revisions\/1931"}],"wp:featuredmedia":[{"embeddable":true,"href":"https:\/\/wgphoto.pl\/t\/index.php?rest_route=\/wp\/v2\/media\/1930"}],"wp:attachment":[{"href":"https:\/\/wgphoto.pl\/t\/index.php?rest_route=%2Fwp%2Fv2%2Fmedia&parent=1929"}],"wp:term":[{"taxonomy":"category","embeddable":true,"href":"https:\/\/wgphoto.pl\/t\/index.php?rest_route=%2Fwp%2Fv2%2Fcategories&post=1929"},{"taxonomy":"post_tag","embeddable":true,"href":"https:\/\/wgphoto.pl\/t\/index.php?rest_route=%2Fwp%2Fv2%2Ftags&post=1929"}],"curies":[{"name":"wp","href":"https:\/\/api.w.org\/{rel}","templated":true}]}}