{"id":19293,"date":"2025-06-29T12:30:16","date_gmt":"2025-06-29T10:30:16","guid":{"rendered":"https:\/\/wgphoto.pl\/t\/?p=19293"},"modified":"2025-06-29T12:30:16","modified_gmt":"2025-06-29T10:30:16","slug":"sp32-210-strzegom","status":"publish","type":"post","link":"https:\/\/wgphoto.pl\/t\/?p=19293","title":{"rendered":"SP32-210, Strzegom"},"content":{"rendered":"\n<figure class=\"wp-block-image aligncenter size-full\"><img loading=\"lazy\" decoding=\"async\" width=\"1300\" height=\"862\" src=\"https:\/\/wgphoto.pl\/t\/wp-content\/uploads\/2025\/06\/0804-11a.jpg\" alt=\"\" class=\"wp-image-19294\" srcset=\"https:\/\/wgphoto.pl\/t\/wp-content\/uploads\/2025\/06\/0804-11a.jpg 1300w, https:\/\/wgphoto.pl\/t\/wp-content\/uploads\/2025\/06\/0804-11a-300x199.jpg 300w, https:\/\/wgphoto.pl\/t\/wp-content\/uploads\/2025\/06\/0804-11a-768x509.jpg 768w\" sizes=\"auto, (max-width: 1300px) 100vw, 1300px\" \/><\/figure>\n\n\n\n<div class=\"wp-block-group has-global-padding is-layout-constrained wp-block-group-is-layout-constrained\">\n<p>SP32-210 z poci\u0105giem osobowym 44124 z Legnicy do Kamie\u0144ca Z\u0105bkowickiego rusza ze Strzegomia w dalsz\u0105 drog\u0119. 11.03.2008<\/p>\n<\/div>\n","protected":false},"excerpt":{"rendered":"<p>SP32-210 z poci\u0105giem osobowym 44124 z Legnicy do Kamie\u0144ca Z\u0105bkowickiego rusza ze Strzegomia w dalsz\u0105 drog\u0119. 11.03.2008<\/p>\n","protected":false},"author":1,"featured_media":19294,"comment_status":"open","ping_status":"","sticky":false,"template":"","format":"standard","meta":{"footnotes":""},"categories":[62,2,120],"tags":[2135,313,63,27,385,433,319],"class_list":["post-19293","post","type-post","status-publish","format-standard","has-post-thumbnail","hentry","category-analog","category-kolej","category-rok-2008","tag-2008-03-11","tag-dyzurny","tag-pkp","tag-polska","tag-sp32","tag-strzegom","tag-tab-pl235"],"_links":{"self":[{"href":"https:\/\/wgphoto.pl\/t\/index.php?rest_route=\/wp\/v2\/posts\/19293","targetHints":{"allow":["GET"]}}],"collection":[{"href":"https:\/\/wgphoto.pl\/t\/index.php?rest_route=\/wp\/v2\/posts"}],"about":[{"href":"https:\/\/wgphoto.pl\/t\/index.php?rest_route=\/wp\/v2\/types\/post"}],"author":[{"embeddable":true,"href":"https:\/\/wgphoto.pl\/t\/index.php?rest_route=\/wp\/v2\/users\/1"}],"replies":[{"embeddable":true,"href":"https:\/\/wgphoto.pl\/t\/index.php?rest_route=%2Fwp%2Fv2%2Fcomments&post=19293"}],"version-history":[{"count":1,"href":"https:\/\/wgphoto.pl\/t\/index.php?rest_route=\/wp\/v2\/posts\/19293\/revisions"}],"predecessor-version":[{"id":19295,"href":"https:\/\/wgphoto.pl\/t\/index.php?rest_route=\/wp\/v2\/posts\/19293\/revisions\/19295"}],"wp:featuredmedia":[{"embeddable":true,"href":"https:\/\/wgphoto.pl\/t\/index.php?rest_route=\/wp\/v2\/media\/19294"}],"wp:attachment":[{"href":"https:\/\/wgphoto.pl\/t\/index.php?rest_route=%2Fwp%2Fv2%2Fmedia&parent=19293"}],"wp:term":[{"taxonomy":"category","embeddable":true,"href":"https:\/\/wgphoto.pl\/t\/index.php?rest_route=%2Fwp%2Fv2%2Fcategories&post=19293"},{"taxonomy":"post_tag","embeddable":true,"href":"https:\/\/wgphoto.pl\/t\/index.php?rest_route=%2Fwp%2Fv2%2Ftags&post=19293"}],"curies":[{"name":"wp","href":"https:\/\/api.w.org\/{rel}","templated":true}]}}