{"id":19299,"date":"2025-06-29T12:34:22","date_gmt":"2025-06-29T10:34:22","guid":{"rendered":"https:\/\/wgphoto.pl\/t\/?p=19299"},"modified":"2025-06-29T12:34:22","modified_gmt":"2025-06-29T10:34:22","slug":"persing-w-klodzku","status":"publish","type":"post","link":"https:\/\/wgphoto.pl\/t\/?p=19299","title":{"rendered":"Per\u0161ing w K\u0142odzku"},"content":{"rendered":"\n<figure class=\"wp-block-image aligncenter size-full\"><img loading=\"lazy\" decoding=\"async\" width=\"1300\" height=\"870\" src=\"https:\/\/wgphoto.pl\/t\/wp-content\/uploads\/2025\/06\/IMGP2637-1.jpg\" alt=\"\" class=\"wp-image-19300\" srcset=\"https:\/\/wgphoto.pl\/t\/wp-content\/uploads\/2025\/06\/IMGP2637-1.jpg 1300w, https:\/\/wgphoto.pl\/t\/wp-content\/uploads\/2025\/06\/IMGP2637-1-300x201.jpg 300w, https:\/\/wgphoto.pl\/t\/wp-content\/uploads\/2025\/06\/IMGP2637-1-768x514.jpg 768w\" sizes=\"auto, (max-width: 1300px) 100vw, 1300px\" \/><\/figure>\n\n\n\n<div class=\"wp-block-group has-global-padding is-layout-constrained wp-block-group-is-layout-constrained\">\n<p>163.026-8 z poci\u0105giem z Pardubic do Wroc\u0142awia mija zabudowania K\u0142odzka mi\u0119dzy K\u0142odzkiem Miastem a G\u0142\u00f3wnym. 16.04.2013<\/p>\n<\/div>\n","protected":false},"excerpt":{"rendered":"<p>163.026-8 z poci\u0105giem z Pardubic do Wroc\u0142awia mija zabudowania K\u0142odzka mi\u0119dzy K\u0142odzkiem Miastem a G\u0142\u00f3wnym. 16.04.2013<\/p>\n","protected":false},"author":1,"featured_media":19300,"comment_status":"open","ping_status":"","sticky":false,"template":"","format":"standard","meta":{"footnotes":""},"categories":[2,55],"tags":[1401,3314,50,249,2392,1843,27,383],"class_list":["post-19299","post","type-post","status-publish","format-standard","has-post-thumbnail","hentry","category-kolej","category-rok-2013","tag-1401","tag-2013-04-16","tag-cd","tag-goscinne-wystepy","tag-klodzko-glowne","tag-klodzko-miasto","tag-polska","tag-tab-pl230"],"_links":{"self":[{"href":"https:\/\/wgphoto.pl\/t\/index.php?rest_route=\/wp\/v2\/posts\/19299","targetHints":{"allow":["GET"]}}],"collection":[{"href":"https:\/\/wgphoto.pl\/t\/index.php?rest_route=\/wp\/v2\/posts"}],"about":[{"href":"https:\/\/wgphoto.pl\/t\/index.php?rest_route=\/wp\/v2\/types\/post"}],"author":[{"embeddable":true,"href":"https:\/\/wgphoto.pl\/t\/index.php?rest_route=\/wp\/v2\/users\/1"}],"replies":[{"embeddable":true,"href":"https:\/\/wgphoto.pl\/t\/index.php?rest_route=%2Fwp%2Fv2%2Fcomments&post=19299"}],"version-history":[{"count":1,"href":"https:\/\/wgphoto.pl\/t\/index.php?rest_route=\/wp\/v2\/posts\/19299\/revisions"}],"predecessor-version":[{"id":19301,"href":"https:\/\/wgphoto.pl\/t\/index.php?rest_route=\/wp\/v2\/posts\/19299\/revisions\/19301"}],"wp:featuredmedia":[{"embeddable":true,"href":"https:\/\/wgphoto.pl\/t\/index.php?rest_route=\/wp\/v2\/media\/19300"}],"wp:attachment":[{"href":"https:\/\/wgphoto.pl\/t\/index.php?rest_route=%2Fwp%2Fv2%2Fmedia&parent=19299"}],"wp:term":[{"taxonomy":"category","embeddable":true,"href":"https:\/\/wgphoto.pl\/t\/index.php?rest_route=%2Fwp%2Fv2%2Fcategories&post=19299"},{"taxonomy":"post_tag","embeddable":true,"href":"https:\/\/wgphoto.pl\/t\/index.php?rest_route=%2Fwp%2Fv2%2Ftags&post=19299"}],"curies":[{"name":"wp","href":"https:\/\/api.w.org\/{rel}","templated":true}]}}