{"id":19305,"date":"2025-06-29T12:35:58","date_gmt":"2025-06-29T10:35:58","guid":{"rendered":"https:\/\/wgphoto.pl\/t\/?p=19305"},"modified":"2025-06-29T12:35:58","modified_gmt":"2025-06-29T10:35:58","slug":"wypatrujac-swojego-pociagu","status":"publish","type":"post","link":"https:\/\/wgphoto.pl\/t\/?p=19305","title":{"rendered":"Wypatruj\u0105c swojego poci\u0105gu"},"content":{"rendered":"\n<figure class=\"wp-block-image aligncenter size-full\"><img loading=\"lazy\" decoding=\"async\" width=\"1300\" height=\"870\" src=\"https:\/\/wgphoto.pl\/t\/wp-content\/uploads\/2025\/06\/IMGP4732.jpg\" alt=\"\" class=\"wp-image-19306\" srcset=\"https:\/\/wgphoto.pl\/t\/wp-content\/uploads\/2025\/06\/IMGP4732.jpg 1300w, https:\/\/wgphoto.pl\/t\/wp-content\/uploads\/2025\/06\/IMGP4732-300x201.jpg 300w, https:\/\/wgphoto.pl\/t\/wp-content\/uploads\/2025\/06\/IMGP4732-768x514.jpg 768w\" sizes=\"auto, (max-width: 1300px) 100vw, 1300px\" \/><\/figure>\n\n\n\n<div class=\"wp-block-group has-global-padding is-layout-constrained wp-block-group-is-layout-constrained\">\n<p>Poci\u0105g osobowy 4105 relacji Brno hl.n. &#8211; Uhersk\u00e9 Hradi\u0161t\u011b, prowadzony wagonem sterowniczym 80-29.215, zatrzymuje si\u0119 na przystanku Nevojice, na kt\u00f3rym nie mam poj\u0119cia po co si\u0119 znalaz\u0142em. Pewnie liczy\u0142em na jaki\u015b fantastyczny motyw, kt\u00f3rego nie by\u0142o. 15.07.2013<\/p>\n<\/div>\n","protected":false},"excerpt":{"rendered":"<p>Poci\u0105g osobowy 4105 relacji Brno hl.n. &#8211; Uhersk\u00e9 Hradi\u0161t\u011b, prowadzony wagonem sterowniczym 80-29.215, zatrzymuje si\u0119 na przystanku Nevojice, na kt\u00f3rym nie mam poj\u0119cia po co si\u0119 znalaz\u0142em. Pewnie liczy\u0142em na jaki\u015b fantastyczny motyw, kt\u00f3rego nie by\u0142o. 15.07.2013<\/p>\n","protected":false},"author":1,"featured_media":19306,"comment_status":"open","ping_status":"","sticky":false,"template":"","format":"standard","meta":{"footnotes":""},"categories":[2,55],"tags":[816,1868,50,49,1186,4123,336,1869],"class_list":["post-19305","post","type-post","status-publish","format-standard","has-post-thumbnail","hentry","category-kolej","category-rok-2013","tag-2013-07-15","tag-1868","tag-cd","tag-czechy","tag-na-wsiadanego","tag-nevojice","tag-tab-cz340","tag-wagon-sterowniczy"],"_links":{"self":[{"href":"https:\/\/wgphoto.pl\/t\/index.php?rest_route=\/wp\/v2\/posts\/19305","targetHints":{"allow":["GET"]}}],"collection":[{"href":"https:\/\/wgphoto.pl\/t\/index.php?rest_route=\/wp\/v2\/posts"}],"about":[{"href":"https:\/\/wgphoto.pl\/t\/index.php?rest_route=\/wp\/v2\/types\/post"}],"author":[{"embeddable":true,"href":"https:\/\/wgphoto.pl\/t\/index.php?rest_route=\/wp\/v2\/users\/1"}],"replies":[{"embeddable":true,"href":"https:\/\/wgphoto.pl\/t\/index.php?rest_route=%2Fwp%2Fv2%2Fcomments&post=19305"}],"version-history":[{"count":1,"href":"https:\/\/wgphoto.pl\/t\/index.php?rest_route=\/wp\/v2\/posts\/19305\/revisions"}],"predecessor-version":[{"id":19307,"href":"https:\/\/wgphoto.pl\/t\/index.php?rest_route=\/wp\/v2\/posts\/19305\/revisions\/19307"}],"wp:featuredmedia":[{"embeddable":true,"href":"https:\/\/wgphoto.pl\/t\/index.php?rest_route=\/wp\/v2\/media\/19306"}],"wp:attachment":[{"href":"https:\/\/wgphoto.pl\/t\/index.php?rest_route=%2Fwp%2Fv2%2Fmedia&parent=19305"}],"wp:term":[{"taxonomy":"category","embeddable":true,"href":"https:\/\/wgphoto.pl\/t\/index.php?rest_route=%2Fwp%2Fv2%2Fcategories&post=19305"},{"taxonomy":"post_tag","embeddable":true,"href":"https:\/\/wgphoto.pl\/t\/index.php?rest_route=%2Fwp%2Fv2%2Ftags&post=19305"}],"curies":[{"name":"wp","href":"https:\/\/api.w.org\/{rel}","templated":true}]}}