{"id":19336,"date":"2025-07-01T18:16:37","date_gmt":"2025-07-01T16:16:37","guid":{"rendered":"https:\/\/wgphoto.pl\/t\/?p=19336"},"modified":"2025-07-01T18:16:37","modified_gmt":"2025-07-01T16:16:37","slug":"362-019-2","status":"publish","type":"post","link":"https:\/\/wgphoto.pl\/t\/?p=19336","title":{"rendered":"362.019-2"},"content":{"rendered":"\n<figure class=\"wp-block-image aligncenter size-full\"><img loading=\"lazy\" decoding=\"async\" width=\"1300\" height=\"861\" src=\"https:\/\/wgphoto.pl\/t\/wp-content\/uploads\/2025\/07\/IMGP7291.jpg\" alt=\"\" class=\"wp-image-19337\" srcset=\"https:\/\/wgphoto.pl\/t\/wp-content\/uploads\/2025\/07\/IMGP7291.jpg 1300w, https:\/\/wgphoto.pl\/t\/wp-content\/uploads\/2025\/07\/IMGP7291-300x199.jpg 300w, https:\/\/wgphoto.pl\/t\/wp-content\/uploads\/2025\/07\/IMGP7291-768x509.jpg 768w\" sizes=\"auto, (max-width: 1300px) 100vw, 1300px\" \/><\/figure>\n\n\n\n<div class=\"wp-block-group has-global-padding is-layout-constrained wp-block-group-is-layout-constrained\">\n<p>362.019-2 z rychlikiem 831 &#8222;Urp\u00edn&#8221; relacji Bratislava hl.st. &#8211; Bansk\u00e1 Bystrica przemierza wiosenne plenery \u015brodkowej S\u0142owacji na odcinku mi\u0119dzy przystankami \u0160\u00e1\u0161ovsk\u00e9 Podhradie i Jaln\u00e1. 02.05.2022<\/p>\n<\/div>\n","protected":false},"excerpt":{"rendered":"<p>362.019-2 z rychlikiem 831 &#8222;Urp\u00edn&#8221; relacji Bratislava hl.st. &#8211; Bansk\u00e1 Bystrica przemierza wiosenne plenery \u015brodkowej S\u0142owacji na odcinku mi\u0119dzy przystankami \u0160\u00e1\u0161ovsk\u00e9 Podhradie i Jaln\u00e1. 02.05.2022<\/p>\n","protected":false},"author":1,"featured_media":19337,"comment_status":"open","ping_status":"","sticky":false,"template":"","format":"standard","meta":{"footnotes":""},"categories":[2,669],"tags":[2154,1362,114,4127,674,4126,675,294,469],"class_list":["post-19336","post","type-post","status-publish","format-standard","has-post-thumbnail","hentry","category-kolej","category-rok-2022","tag-2022-05-02","tag-1362","tag-gory","tag-jalna","tag-majowka-2022-hej","tag-sasovske-podhradie","tag-slowacja","tag-wiosna","tag-zssk"],"_links":{"self":[{"href":"https:\/\/wgphoto.pl\/t\/index.php?rest_route=\/wp\/v2\/posts\/19336","targetHints":{"allow":["GET"]}}],"collection":[{"href":"https:\/\/wgphoto.pl\/t\/index.php?rest_route=\/wp\/v2\/posts"}],"about":[{"href":"https:\/\/wgphoto.pl\/t\/index.php?rest_route=\/wp\/v2\/types\/post"}],"author":[{"embeddable":true,"href":"https:\/\/wgphoto.pl\/t\/index.php?rest_route=\/wp\/v2\/users\/1"}],"replies":[{"embeddable":true,"href":"https:\/\/wgphoto.pl\/t\/index.php?rest_route=%2Fwp%2Fv2%2Fcomments&post=19336"}],"version-history":[{"count":1,"href":"https:\/\/wgphoto.pl\/t\/index.php?rest_route=\/wp\/v2\/posts\/19336\/revisions"}],"predecessor-version":[{"id":19338,"href":"https:\/\/wgphoto.pl\/t\/index.php?rest_route=\/wp\/v2\/posts\/19336\/revisions\/19338"}],"wp:featuredmedia":[{"embeddable":true,"href":"https:\/\/wgphoto.pl\/t\/index.php?rest_route=\/wp\/v2\/media\/19337"}],"wp:attachment":[{"href":"https:\/\/wgphoto.pl\/t\/index.php?rest_route=%2Fwp%2Fv2%2Fmedia&parent=19336"}],"wp:term":[{"taxonomy":"category","embeddable":true,"href":"https:\/\/wgphoto.pl\/t\/index.php?rest_route=%2Fwp%2Fv2%2Fcategories&post=19336"},{"taxonomy":"post_tag","embeddable":true,"href":"https:\/\/wgphoto.pl\/t\/index.php?rest_route=%2Fwp%2Fv2%2Ftags&post=19336"}],"curies":[{"name":"wp","href":"https:\/\/api.w.org\/{rel}","templated":true}]}}