{"id":19380,"date":"2025-07-01T18:30:13","date_gmt":"2025-07-01T16:30:13","guid":{"rendered":"https:\/\/wgphoto.pl\/t\/?p=19380"},"modified":"2025-07-01T18:30:13","modified_gmt":"2025-07-01T16:30:13","slug":"cisza-po-burzy-2","status":"publish","type":"post","link":"https:\/\/wgphoto.pl\/t\/?p=19380","title":{"rendered":"Cisza po burzy"},"content":{"rendered":"\n<figure class=\"wp-block-image aligncenter size-full\"><img loading=\"lazy\" decoding=\"async\" width=\"760\" height=\"1000\" src=\"https:\/\/wgphoto.pl\/t\/wp-content\/uploads\/2025\/07\/0510-31.jpg\" alt=\"\" class=\"wp-image-19381\" srcset=\"https:\/\/wgphoto.pl\/t\/wp-content\/uploads\/2025\/07\/0510-31.jpg 760w, https:\/\/wgphoto.pl\/t\/wp-content\/uploads\/2025\/07\/0510-31-228x300.jpg 228w\" sizes=\"auto, (max-width: 760px) 100vw, 760px\" \/><\/figure>\n\n\n\n<div class=\"wp-block-group has-global-padding is-layout-constrained wp-block-group-is-layout-constrained\">\n<p>102Na 2006 mija skrzy\u017cowanie ul. Grodzkiej, Odrza\u0144skiej, Nowego \u015awiatu i mostu Pomorskiego we Wroc\u0142awiu. 09.05.2005<\/p>\n<\/div>\n","protected":false},"excerpt":{"rendered":"<p>102Na 2006 mija skrzy\u017cowanie ul. Grodzkiej, Odrza\u0144skiej, Nowego \u015awiatu i mostu Pomorskiego we Wroc\u0142awiu. 09.05.2005<\/p>\n","protected":false},"author":1,"featured_media":19381,"comment_status":"open","ping_status":"","sticky":false,"template":"","format":"standard","meta":{"footnotes":""},"categories":[62,128,311,3],"tags":[2156,34,309,42,162,27,41],"class_list":["post-19380","post","type-post","status-publish","format-standard","has-post-thumbnail","hentry","category-analog","category-pionowe","category-rok-2005","category-tramwaj","tag-2005-05-09","tag-architektura","tag-konstal-102na","tag-mpk-wroclaw","tag-niebo","tag-polska","tag-wroclaw"],"_links":{"self":[{"href":"https:\/\/wgphoto.pl\/t\/index.php?rest_route=\/wp\/v2\/posts\/19380","targetHints":{"allow":["GET"]}}],"collection":[{"href":"https:\/\/wgphoto.pl\/t\/index.php?rest_route=\/wp\/v2\/posts"}],"about":[{"href":"https:\/\/wgphoto.pl\/t\/index.php?rest_route=\/wp\/v2\/types\/post"}],"author":[{"embeddable":true,"href":"https:\/\/wgphoto.pl\/t\/index.php?rest_route=\/wp\/v2\/users\/1"}],"replies":[{"embeddable":true,"href":"https:\/\/wgphoto.pl\/t\/index.php?rest_route=%2Fwp%2Fv2%2Fcomments&post=19380"}],"version-history":[{"count":1,"href":"https:\/\/wgphoto.pl\/t\/index.php?rest_route=\/wp\/v2\/posts\/19380\/revisions"}],"predecessor-version":[{"id":19382,"href":"https:\/\/wgphoto.pl\/t\/index.php?rest_route=\/wp\/v2\/posts\/19380\/revisions\/19382"}],"wp:featuredmedia":[{"embeddable":true,"href":"https:\/\/wgphoto.pl\/t\/index.php?rest_route=\/wp\/v2\/media\/19381"}],"wp:attachment":[{"href":"https:\/\/wgphoto.pl\/t\/index.php?rest_route=%2Fwp%2Fv2%2Fmedia&parent=19380"}],"wp:term":[{"taxonomy":"category","embeddable":true,"href":"https:\/\/wgphoto.pl\/t\/index.php?rest_route=%2Fwp%2Fv2%2Fcategories&post=19380"},{"taxonomy":"post_tag","embeddable":true,"href":"https:\/\/wgphoto.pl\/t\/index.php?rest_route=%2Fwp%2Fv2%2Ftags&post=19380"}],"curies":[{"name":"wp","href":"https:\/\/api.w.org\/{rel}","templated":true}]}}