{"id":19389,"date":"2025-07-01T18:32:35","date_gmt":"2025-07-01T16:32:35","guid":{"rendered":"https:\/\/wgphoto.pl\/t\/?p=19389"},"modified":"2025-07-01T18:32:35","modified_gmt":"2025-07-01T16:32:35","slug":"kombinatoryka","status":"publish","type":"post","link":"https:\/\/wgphoto.pl\/t\/?p=19389","title":{"rendered":"Kombinatoryka"},"content":{"rendered":"\n<figure class=\"wp-block-image aligncenter size-full\"><img loading=\"lazy\" decoding=\"async\" width=\"773\" height=\"1000\" src=\"https:\/\/wgphoto.pl\/t\/wp-content\/uploads\/2025\/07\/0315-05_rsn.jpg\" alt=\"\" class=\"wp-image-19390\" srcset=\"https:\/\/wgphoto.pl\/t\/wp-content\/uploads\/2025\/07\/0315-05_rsn.jpg 773w, https:\/\/wgphoto.pl\/t\/wp-content\/uploads\/2025\/07\/0315-05_rsn-232x300.jpg 232w, https:\/\/wgphoto.pl\/t\/wp-content\/uploads\/2025\/07\/0315-05_rsn-768x994.jpg 768w\" sizes=\"auto, (max-width: 773px) 100vw, 773px\" \/><\/figure>\n\n\n\n<div class=\"wp-block-group has-global-padding is-layout-constrained wp-block-group-is-layout-constrained\">\n<p>EU06-07 z poci\u0105giem pospiesznym 83102 &#8222;\u015awiatowid&#8221; ze Szczecina do Przemy\u015bla przelatuje przez perony Wroc\u0142awia \u015awiniar. 21.05.2003<\/p>\n<\/div>\n","protected":false},"excerpt":{"rendered":"<p>EU06-07 z poci\u0105giem pospiesznym 83102 &#8222;\u015awiatowid&#8221; ze Szczecina do Przemy\u015bla przelatuje przez perony Wroc\u0142awia \u015awiniar. 21.05.2003<\/p>\n","protected":false},"author":1,"featured_media":19390,"comment_status":"open","ping_status":"","sticky":false,"template":"","format":"standard","meta":{"footnotes":""},"categories":[62,2,128,149],"tags":[4137,229,63,27,905,190,41,843],"class_list":["post-19389","post","type-post","status-publish","format-standard","has-post-thumbnail","hentry","category-analog","category-kolej","category-pionowe","category-rok-2003","tag-2003-05-21","tag-eu06","tag-pkp","tag-polska","tag-przez","tag-tab-pl330","tag-wroclaw","tag-wroclaw-swiniary"],"_links":{"self":[{"href":"https:\/\/wgphoto.pl\/t\/index.php?rest_route=\/wp\/v2\/posts\/19389","targetHints":{"allow":["GET"]}}],"collection":[{"href":"https:\/\/wgphoto.pl\/t\/index.php?rest_route=\/wp\/v2\/posts"}],"about":[{"href":"https:\/\/wgphoto.pl\/t\/index.php?rest_route=\/wp\/v2\/types\/post"}],"author":[{"embeddable":true,"href":"https:\/\/wgphoto.pl\/t\/index.php?rest_route=\/wp\/v2\/users\/1"}],"replies":[{"embeddable":true,"href":"https:\/\/wgphoto.pl\/t\/index.php?rest_route=%2Fwp%2Fv2%2Fcomments&post=19389"}],"version-history":[{"count":1,"href":"https:\/\/wgphoto.pl\/t\/index.php?rest_route=\/wp\/v2\/posts\/19389\/revisions"}],"predecessor-version":[{"id":19391,"href":"https:\/\/wgphoto.pl\/t\/index.php?rest_route=\/wp\/v2\/posts\/19389\/revisions\/19391"}],"wp:featuredmedia":[{"embeddable":true,"href":"https:\/\/wgphoto.pl\/t\/index.php?rest_route=\/wp\/v2\/media\/19390"}],"wp:attachment":[{"href":"https:\/\/wgphoto.pl\/t\/index.php?rest_route=%2Fwp%2Fv2%2Fmedia&parent=19389"}],"wp:term":[{"taxonomy":"category","embeddable":true,"href":"https:\/\/wgphoto.pl\/t\/index.php?rest_route=%2Fwp%2Fv2%2Fcategories&post=19389"},{"taxonomy":"post_tag","embeddable":true,"href":"https:\/\/wgphoto.pl\/t\/index.php?rest_route=%2Fwp%2Fv2%2Ftags&post=19389"}],"curies":[{"name":"wp","href":"https:\/\/api.w.org\/{rel}","templated":true}]}}