{"id":19398,"date":"2025-07-02T20:55:26","date_gmt":"2025-07-02T18:55:26","guid":{"rendered":"https:\/\/wgphoto.pl\/t\/?p=19398"},"modified":"2025-07-02T20:55:26","modified_gmt":"2025-07-02T18:55:26","slug":"krzyzowanie-w-batelovie","status":"publish","type":"post","link":"https:\/\/wgphoto.pl\/t\/?p=19398","title":{"rendered":"Krzy\u017cowanie w Batelovie"},"content":{"rendered":"\n<figure class=\"wp-block-image aligncenter size-full\"><img loading=\"lazy\" decoding=\"async\" width=\"1300\" height=\"813\" src=\"https:\/\/wgphoto.pl\/t\/wp-content\/uploads\/2025\/07\/IMGP8083.jpg\" alt=\"\" class=\"wp-image-19399\" srcset=\"https:\/\/wgphoto.pl\/t\/wp-content\/uploads\/2025\/07\/IMGP8083.jpg 1300w, https:\/\/wgphoto.pl\/t\/wp-content\/uploads\/2025\/07\/IMGP8083-300x188.jpg 300w, https:\/\/wgphoto.pl\/t\/wp-content\/uploads\/2025\/07\/IMGP8083-768x480.jpg 768w\" sizes=\"auto, (max-width: 1300px) 100vw, 1300px\" \/><\/figure>\n\n\n\n<div class=\"wp-block-group has-global-padding is-layout-constrained wp-block-group-is-layout-constrained\">\n<p>Na stacji Batelov mijaj\u0105 si\u0119 pociagi osobowe nr 8354 relacji Horn\u00ed Cerekev &#8211; Havl\u00ed\u010dk\u016fv Brod (prowadzony lokomotyw\u0105 242.268-1) i 8349 relacji Jihlava &#8211; Po\u010d\u00e1tky-\u017dirovnice (obs\u0142ugiwany motorakiem 810.669-2). 17.09.2010<\/p>\n<\/div>\n","protected":false},"excerpt":{"rendered":"<p>Na stacji Batelov mijaj\u0105 si\u0119 pociagi osobowe nr 8354 relacji Horn\u00ed Cerekev &#8211; Havl\u00ed\u010dk\u016fv Brod (prowadzony lokomotyw\u0105 242.268-1) i 8349 relacji Jihlava &#8211; Po\u010d\u00e1tky-\u017dirovnice (obs\u0142ugiwany motorakiem 810.669-2). 17.09.2010<\/p>\n","protected":false},"author":1,"featured_media":19399,"comment_status":"open","ping_status":"","sticky":false,"template":"","format":"standard","meta":{"footnotes":""},"categories":[2,86],"tags":[88,305,92,1830,50,49,1186,1829],"class_list":["post-19398","post","type-post","status-publish","format-standard","has-post-thumbnail","hentry","category-kolej","category-rok-2010","tag-2010-09-17","tag-305","tag-92","tag-batelov","tag-cd","tag-czechy","tag-na-wsiadanego","tag-tab-cz225"],"_links":{"self":[{"href":"https:\/\/wgphoto.pl\/t\/index.php?rest_route=\/wp\/v2\/posts\/19398","targetHints":{"allow":["GET"]}}],"collection":[{"href":"https:\/\/wgphoto.pl\/t\/index.php?rest_route=\/wp\/v2\/posts"}],"about":[{"href":"https:\/\/wgphoto.pl\/t\/index.php?rest_route=\/wp\/v2\/types\/post"}],"author":[{"embeddable":true,"href":"https:\/\/wgphoto.pl\/t\/index.php?rest_route=\/wp\/v2\/users\/1"}],"replies":[{"embeddable":true,"href":"https:\/\/wgphoto.pl\/t\/index.php?rest_route=%2Fwp%2Fv2%2Fcomments&post=19398"}],"version-history":[{"count":1,"href":"https:\/\/wgphoto.pl\/t\/index.php?rest_route=\/wp\/v2\/posts\/19398\/revisions"}],"predecessor-version":[{"id":19400,"href":"https:\/\/wgphoto.pl\/t\/index.php?rest_route=\/wp\/v2\/posts\/19398\/revisions\/19400"}],"wp:featuredmedia":[{"embeddable":true,"href":"https:\/\/wgphoto.pl\/t\/index.php?rest_route=\/wp\/v2\/media\/19399"}],"wp:attachment":[{"href":"https:\/\/wgphoto.pl\/t\/index.php?rest_route=%2Fwp%2Fv2%2Fmedia&parent=19398"}],"wp:term":[{"taxonomy":"category","embeddable":true,"href":"https:\/\/wgphoto.pl\/t\/index.php?rest_route=%2Fwp%2Fv2%2Fcategories&post=19398"},{"taxonomy":"post_tag","embeddable":true,"href":"https:\/\/wgphoto.pl\/t\/index.php?rest_route=%2Fwp%2Fv2%2Ftags&post=19398"}],"curies":[{"name":"wp","href":"https:\/\/api.w.org\/{rel}","templated":true}]}}