{"id":19404,"date":"2025-07-02T20:57:06","date_gmt":"2025-07-02T18:57:06","guid":{"rendered":"https:\/\/wgphoto.pl\/t\/?p=19404"},"modified":"2025-07-02T20:57:06","modified_gmt":"2025-07-02T18:57:06","slug":"wiosna-na-dzialkach","status":"publish","type":"post","link":"https:\/\/wgphoto.pl\/t\/?p=19404","title":{"rendered":"Wiosna na dzia\u0142kach"},"content":{"rendered":"\n<figure class=\"wp-block-image aligncenter size-full\"><img loading=\"lazy\" decoding=\"async\" width=\"1300\" height=\"849\" src=\"https:\/\/wgphoto.pl\/t\/wp-content\/uploads\/2025\/07\/0507-26_rsn.jpg\" alt=\"\" class=\"wp-image-19405\" srcset=\"https:\/\/wgphoto.pl\/t\/wp-content\/uploads\/2025\/07\/0507-26_rsn.jpg 1300w, https:\/\/wgphoto.pl\/t\/wp-content\/uploads\/2025\/07\/0507-26_rsn-300x196.jpg 300w, https:\/\/wgphoto.pl\/t\/wp-content\/uploads\/2025\/07\/0507-26_rsn-768x502.jpg 768w\" sizes=\"auto, (max-width: 1300px) 100vw, 1300px\" \/><\/figure>\n\n\n\n<div class=\"wp-block-group has-global-padding is-layout-constrained wp-block-group-is-layout-constrained\">\n<p>EU07-321 z CM Krak\u00f3w z poci\u0105giem pospiesznym 83102 &#8222;Krakowianka&#8221; z Ko\u0142obrzegu do Krakowa G\u0142\u00f3wnego pod semaforami wjazdowymi do Podg Grabiszyn we Wroc\u0142awiu. 19.04.2005<\/p>\n<\/div>\n","protected":false},"excerpt":{"rendered":"<p>EU07-321 z CM Krak\u00f3w z poci\u0105giem pospiesznym 83102 &#8222;Krakowianka&#8221; z Ko\u0142obrzegu do Krakowa G\u0142\u00f3wnego pod semaforami wjazdowymi do Podg Grabiszyn we Wroc\u0142awiu. 19.04.2005<\/p>\n","protected":false},"author":1,"featured_media":19405,"comment_status":"open","ping_status":"","sticky":false,"template":"","format":"standard","meta":{"footnotes":""},"categories":[62,2,311],"tags":[4140,122,63,1544,27,294,41],"class_list":["post-19404","post","type-post","status-publish","format-standard","has-post-thumbnail","hentry","category-analog","category-kolej","category-rok-2005","tag-2005-04-19","tag-eu07","tag-pkp","tag-podg-grabiszyn","tag-polska","tag-wiosna","tag-wroclaw"],"_links":{"self":[{"href":"https:\/\/wgphoto.pl\/t\/index.php?rest_route=\/wp\/v2\/posts\/19404","targetHints":{"allow":["GET"]}}],"collection":[{"href":"https:\/\/wgphoto.pl\/t\/index.php?rest_route=\/wp\/v2\/posts"}],"about":[{"href":"https:\/\/wgphoto.pl\/t\/index.php?rest_route=\/wp\/v2\/types\/post"}],"author":[{"embeddable":true,"href":"https:\/\/wgphoto.pl\/t\/index.php?rest_route=\/wp\/v2\/users\/1"}],"replies":[{"embeddable":true,"href":"https:\/\/wgphoto.pl\/t\/index.php?rest_route=%2Fwp%2Fv2%2Fcomments&post=19404"}],"version-history":[{"count":1,"href":"https:\/\/wgphoto.pl\/t\/index.php?rest_route=\/wp\/v2\/posts\/19404\/revisions"}],"predecessor-version":[{"id":19406,"href":"https:\/\/wgphoto.pl\/t\/index.php?rest_route=\/wp\/v2\/posts\/19404\/revisions\/19406"}],"wp:featuredmedia":[{"embeddable":true,"href":"https:\/\/wgphoto.pl\/t\/index.php?rest_route=\/wp\/v2\/media\/19405"}],"wp:attachment":[{"href":"https:\/\/wgphoto.pl\/t\/index.php?rest_route=%2Fwp%2Fv2%2Fmedia&parent=19404"}],"wp:term":[{"taxonomy":"category","embeddable":true,"href":"https:\/\/wgphoto.pl\/t\/index.php?rest_route=%2Fwp%2Fv2%2Fcategories&post=19404"},{"taxonomy":"post_tag","embeddable":true,"href":"https:\/\/wgphoto.pl\/t\/index.php?rest_route=%2Fwp%2Fv2%2Ftags&post=19404"}],"curies":[{"name":"wp","href":"https:\/\/api.w.org\/{rel}","templated":true}]}}