{"id":19410,"date":"2025-07-02T20:58:47","date_gmt":"2025-07-02T18:58:47","guid":{"rendered":"https:\/\/wgphoto.pl\/t\/?p=19410"},"modified":"2025-07-02T20:58:47","modified_gmt":"2025-07-02T18:58:47","slug":"kolejowa-kombinatoryka","status":"publish","type":"post","link":"https:\/\/wgphoto.pl\/t\/?p=19410","title":{"rendered":"Kolejowa kombinatoryka"},"content":{"rendered":"\n<figure class=\"wp-block-image aligncenter size-full\"><img loading=\"lazy\" decoding=\"async\" width=\"1200\" height=\"960\" src=\"https:\/\/wgphoto.pl\/t\/wp-content\/uploads\/2025\/07\/0609-18.jpg\" alt=\"\" class=\"wp-image-19411\" srcset=\"https:\/\/wgphoto.pl\/t\/wp-content\/uploads\/2025\/07\/0609-18.jpg 1200w, https:\/\/wgphoto.pl\/t\/wp-content\/uploads\/2025\/07\/0609-18-300x240.jpg 300w, https:\/\/wgphoto.pl\/t\/wp-content\/uploads\/2025\/07\/0609-18-768x614.jpg 768w\" sizes=\"auto, (max-width: 1200px) 100vw, 1200px\" \/><\/figure>\n\n\n\n<div class=\"wp-block-group has-global-padding is-layout-constrained wp-block-group-is-layout-constrained\">\n<p>ET22-705 ze sk\u0142adem towarowym mija \u0141osi\u00f3w. 27.05.2006<\/p>\n<\/div>\n","protected":false},"excerpt":{"rendered":"<p>ET22-705 ze sk\u0142adem towarowym mija \u0141osi\u00f3w. 27.05.2006<\/p>\n","protected":false},"author":1,"featured_media":19411,"comment_status":"open","ping_status":"","sticky":false,"template":"","format":"standard","meta":{"footnotes":""},"categories":[62,220,2,130],"tags":[1543,26,712,63,27,711],"class_list":["post-19410","post","type-post","status-publish","format-standard","has-post-thumbnail","hentry","category-analog","category-blo","category-kolej","category-rok-2006","tag-2006-05-27","tag-et22","tag-losiow","tag-pkp","tag-polska","tag-tab-pl220"],"_links":{"self":[{"href":"https:\/\/wgphoto.pl\/t\/index.php?rest_route=\/wp\/v2\/posts\/19410","targetHints":{"allow":["GET"]}}],"collection":[{"href":"https:\/\/wgphoto.pl\/t\/index.php?rest_route=\/wp\/v2\/posts"}],"about":[{"href":"https:\/\/wgphoto.pl\/t\/index.php?rest_route=\/wp\/v2\/types\/post"}],"author":[{"embeddable":true,"href":"https:\/\/wgphoto.pl\/t\/index.php?rest_route=\/wp\/v2\/users\/1"}],"replies":[{"embeddable":true,"href":"https:\/\/wgphoto.pl\/t\/index.php?rest_route=%2Fwp%2Fv2%2Fcomments&post=19410"}],"version-history":[{"count":1,"href":"https:\/\/wgphoto.pl\/t\/index.php?rest_route=\/wp\/v2\/posts\/19410\/revisions"}],"predecessor-version":[{"id":19412,"href":"https:\/\/wgphoto.pl\/t\/index.php?rest_route=\/wp\/v2\/posts\/19410\/revisions\/19412"}],"wp:featuredmedia":[{"embeddable":true,"href":"https:\/\/wgphoto.pl\/t\/index.php?rest_route=\/wp\/v2\/media\/19411"}],"wp:attachment":[{"href":"https:\/\/wgphoto.pl\/t\/index.php?rest_route=%2Fwp%2Fv2%2Fmedia&parent=19410"}],"wp:term":[{"taxonomy":"category","embeddable":true,"href":"https:\/\/wgphoto.pl\/t\/index.php?rest_route=%2Fwp%2Fv2%2Fcategories&post=19410"},{"taxonomy":"post_tag","embeddable":true,"href":"https:\/\/wgphoto.pl\/t\/index.php?rest_route=%2Fwp%2Fv2%2Ftags&post=19410"}],"curies":[{"name":"wp","href":"https:\/\/api.w.org\/{rel}","templated":true}]}}