{"id":19413,"date":"2025-07-02T20:59:40","date_gmt":"2025-07-02T18:59:40","guid":{"rendered":"https:\/\/wgphoto.pl\/t\/?p=19413"},"modified":"2025-07-02T20:59:40","modified_gmt":"2025-07-02T18:59:40","slug":"back-to-the-2000s","status":"publish","type":"post","link":"https:\/\/wgphoto.pl\/t\/?p=19413","title":{"rendered":"Back to the 2000&#8217;s"},"content":{"rendered":"\n<figure class=\"wp-block-image aligncenter size-full\"><img loading=\"lazy\" decoding=\"async\" width=\"1300\" height=\"861\" src=\"https:\/\/wgphoto.pl\/t\/wp-content\/uploads\/2025\/07\/IMGP2510-1.jpg\" alt=\"\" class=\"wp-image-19414\" srcset=\"https:\/\/wgphoto.pl\/t\/wp-content\/uploads\/2025\/07\/IMGP2510-1.jpg 1300w, https:\/\/wgphoto.pl\/t\/wp-content\/uploads\/2025\/07\/IMGP2510-1-300x199.jpg 300w, https:\/\/wgphoto.pl\/t\/wp-content\/uploads\/2025\/07\/IMGP2510-1-768x509.jpg 768w\" sizes=\"auto, (max-width: 1300px) 100vw, 1300px\" \/><\/figure>\n\n\n\n<div class=\"wp-block-group has-global-padding is-layout-constrained wp-block-group-is-layout-constrained\">\n<p>Hradec Kr\u00e1lov\u00e9 hl.n., kolorowanka 163.234-8 (jak dla mnie przekombinowana) najprawdopodobniej z poci\u0105giem osobowym 5633 do T\u00fdni\u0161t\u011b nad Orlic\u00ed. Ta lokomotywa pojawia si\u0119 w tej relacji regularnie, ale zielonego wagonu w ruchu to si\u0119 nie spodziewa\u0142em. 03.05.2023<\/p>\n<\/div>\n","protected":false},"excerpt":{"rendered":"<p>Hradec Kr\u00e1lov\u00e9 hl.n., kolorowanka 163.234-8 (jak dla mnie przekombinowana) najprawdopodobniej z poci\u0105giem osobowym 5633 do T\u00fdni\u0161t\u011b nad Orlic\u00ed. Ta lokomotywa pojawia si\u0119 w tej relacji regularnie, ale zielonego wagonu w ruchu to si\u0119 nie spodziewa\u0142em. 03.05.2023<\/p>\n","protected":false},"author":1,"featured_media":19414,"comment_status":"open","ping_status":"","sticky":false,"template":"","format":"standard","meta":{"footnotes":""},"categories":[220,2,6],"tags":[1401,4141,50,49,4142,24,139,3330],"class_list":["post-19413","post","type-post","status-publish","format-standard","has-post-thumbnail","hentry","category-blo","category-kolej","category-2023r","tag-1401","tag-2023-05-03","tag-cd","tag-czechy","tag-hradec-kralove-hlavni-nadrazi","tag-perony","tag-retro","tag-tab-cz020"],"_links":{"self":[{"href":"https:\/\/wgphoto.pl\/t\/index.php?rest_route=\/wp\/v2\/posts\/19413","targetHints":{"allow":["GET"]}}],"collection":[{"href":"https:\/\/wgphoto.pl\/t\/index.php?rest_route=\/wp\/v2\/posts"}],"about":[{"href":"https:\/\/wgphoto.pl\/t\/index.php?rest_route=\/wp\/v2\/types\/post"}],"author":[{"embeddable":true,"href":"https:\/\/wgphoto.pl\/t\/index.php?rest_route=\/wp\/v2\/users\/1"}],"replies":[{"embeddable":true,"href":"https:\/\/wgphoto.pl\/t\/index.php?rest_route=%2Fwp%2Fv2%2Fcomments&post=19413"}],"version-history":[{"count":1,"href":"https:\/\/wgphoto.pl\/t\/index.php?rest_route=\/wp\/v2\/posts\/19413\/revisions"}],"predecessor-version":[{"id":19415,"href":"https:\/\/wgphoto.pl\/t\/index.php?rest_route=\/wp\/v2\/posts\/19413\/revisions\/19415"}],"wp:featuredmedia":[{"embeddable":true,"href":"https:\/\/wgphoto.pl\/t\/index.php?rest_route=\/wp\/v2\/media\/19414"}],"wp:attachment":[{"href":"https:\/\/wgphoto.pl\/t\/index.php?rest_route=%2Fwp%2Fv2%2Fmedia&parent=19413"}],"wp:term":[{"taxonomy":"category","embeddable":true,"href":"https:\/\/wgphoto.pl\/t\/index.php?rest_route=%2Fwp%2Fv2%2Fcategories&post=19413"},{"taxonomy":"post_tag","embeddable":true,"href":"https:\/\/wgphoto.pl\/t\/index.php?rest_route=%2Fwp%2Fv2%2Ftags&post=19413"}],"curies":[{"name":"wp","href":"https:\/\/api.w.org\/{rel}","templated":true}]}}