{"id":19419,"date":"2025-07-02T21:01:52","date_gmt":"2025-07-02T19:01:52","guid":{"rendered":"https:\/\/wgphoto.pl\/t\/?p=19419"},"modified":"2025-07-02T21:01:52","modified_gmt":"2025-07-02T19:01:52","slug":"88-latek","status":"publish","type":"post","link":"https:\/\/wgphoto.pl\/t\/?p=19419","title":{"rendered":"88-latek"},"content":{"rendered":"\n<figure class=\"wp-block-image aligncenter size-full\"><img loading=\"lazy\" decoding=\"async\" width=\"1300\" height=\"861\" src=\"https:\/\/wgphoto.pl\/t\/wp-content\/uploads\/2025\/07\/IMGP4382-1.jpg\" alt=\"\" class=\"wp-image-19420\" srcset=\"https:\/\/wgphoto.pl\/t\/wp-content\/uploads\/2025\/07\/IMGP4382-1.jpg 1300w, https:\/\/wgphoto.pl\/t\/wp-content\/uploads\/2025\/07\/IMGP4382-1-300x199.jpg 300w, https:\/\/wgphoto.pl\/t\/wp-content\/uploads\/2025\/07\/IMGP4382-1-768x509.jpg 768w\" sizes=\"auto, (max-width: 1300px) 100vw, 1300px\" \/><\/figure>\n\n\n\n<div class=\"wp-block-group has-global-padding is-layout-constrained wp-block-group-is-layout-constrained\">\n<p>Mediolan, p\u0119tla Rimembranze di Lambrate. Peter Witt nr 1504 z rocznika 1929 wci\u0105\u017c w s\u0142u\u017cbie liniowej &#8211; i ten stan trwa do dzi\u015b [2023], zatem wagon liczy ju\u017c sobie 94 lata. 21.10.2017<\/p>\n<\/div>\n","protected":false},"excerpt":{"rendered":"<p>Mediolan, p\u0119tla Rimembranze di Lambrate. Peter Witt nr 1504 z rocznika 1929 wci\u0105\u017c w s\u0142u\u017cbie liniowej &#8211; i ten stan trwa do dzi\u015b [2023], zatem wagon liczy ju\u017c sobie 94 lata. 21.10.2017<\/p>\n","protected":false},"author":1,"featured_media":19420,"comment_status":"open","ping_status":"","sticky":false,"template":"","format":"standard","meta":{"footnotes":""},"categories":[368,3],"tags":[1438,834,91,835,832,2724,90,110],"class_list":["post-19419","post","type-post","status-publish","format-standard","has-post-thumbnail","hentry","category-rok-2017","category-tramwaj","tag-2017-10-21","tag-atm-milano","tag-blue-hour","tag-mediolan","tag-mediolan-2017","tag-peter-witt","tag-wieczorem","tag-wlochy"],"_links":{"self":[{"href":"https:\/\/wgphoto.pl\/t\/index.php?rest_route=\/wp\/v2\/posts\/19419","targetHints":{"allow":["GET"]}}],"collection":[{"href":"https:\/\/wgphoto.pl\/t\/index.php?rest_route=\/wp\/v2\/posts"}],"about":[{"href":"https:\/\/wgphoto.pl\/t\/index.php?rest_route=\/wp\/v2\/types\/post"}],"author":[{"embeddable":true,"href":"https:\/\/wgphoto.pl\/t\/index.php?rest_route=\/wp\/v2\/users\/1"}],"replies":[{"embeddable":true,"href":"https:\/\/wgphoto.pl\/t\/index.php?rest_route=%2Fwp%2Fv2%2Fcomments&post=19419"}],"version-history":[{"count":1,"href":"https:\/\/wgphoto.pl\/t\/index.php?rest_route=\/wp\/v2\/posts\/19419\/revisions"}],"predecessor-version":[{"id":19421,"href":"https:\/\/wgphoto.pl\/t\/index.php?rest_route=\/wp\/v2\/posts\/19419\/revisions\/19421"}],"wp:featuredmedia":[{"embeddable":true,"href":"https:\/\/wgphoto.pl\/t\/index.php?rest_route=\/wp\/v2\/media\/19420"}],"wp:attachment":[{"href":"https:\/\/wgphoto.pl\/t\/index.php?rest_route=%2Fwp%2Fv2%2Fmedia&parent=19419"}],"wp:term":[{"taxonomy":"category","embeddable":true,"href":"https:\/\/wgphoto.pl\/t\/index.php?rest_route=%2Fwp%2Fv2%2Fcategories&post=19419"},{"taxonomy":"post_tag","embeddable":true,"href":"https:\/\/wgphoto.pl\/t\/index.php?rest_route=%2Fwp%2Fv2%2Ftags&post=19419"}],"curies":[{"name":"wp","href":"https:\/\/api.w.org\/{rel}","templated":true}]}}