{"id":19428,"date":"2025-07-02T21:04:22","date_gmt":"2025-07-02T19:04:22","guid":{"rendered":"https:\/\/wgphoto.pl\/t\/?p=19428"},"modified":"2025-07-02T21:04:22","modified_gmt":"2025-07-02T19:04:22","slug":"poczatek-walbrzycha","status":"publish","type":"post","link":"https:\/\/wgphoto.pl\/t\/?p=19428","title":{"rendered":"Pocz\u0105tek Wa\u0142brzycha"},"content":{"rendered":"\n<figure class=\"wp-block-image aligncenter size-full\"><img loading=\"lazy\" decoding=\"async\" width=\"1300\" height=\"862\" src=\"https:\/\/wgphoto.pl\/t\/wp-content\/uploads\/2025\/07\/0511-22.jpg\" alt=\"\" class=\"wp-image-19429\" srcset=\"https:\/\/wgphoto.pl\/t\/wp-content\/uploads\/2025\/07\/0511-22.jpg 1300w, https:\/\/wgphoto.pl\/t\/wp-content\/uploads\/2025\/07\/0511-22-300x199.jpg 300w, https:\/\/wgphoto.pl\/t\/wp-content\/uploads\/2025\/07\/0511-22-768x509.jpg 768w\" sizes=\"auto, (max-width: 1300px) 100vw, 1300px\" \/><\/figure>\n\n\n\n<div class=\"wp-block-group has-global-padding is-layout-constrained wp-block-group-is-layout-constrained\">\n<p>ET41-156 z \u0142adownymi w\u0119glarkami (zapewne do koksowni Victoria) mija ciasny \u0142uk na szlaku \u015awiebodzice &#8211; Wa\u0142brzych Szczawienko oraz pierwsze zabudowania Wa\u0142brzycha. 26.05.2005<\/p>\n<\/div>\n","protected":false},"excerpt":{"rendered":"<p>ET41-156 z \u0142adownymi w\u0119glarkami (zapewne do koksowni Victoria) mija ciasny \u0142uk na szlaku \u015awiebodzice &#8211; Wa\u0142brzych Szczawienko oraz pierwsze zabudowania Wa\u0142brzycha. 26.05.2005<\/p>\n","protected":false},"author":1,"featured_media":19429,"comment_status":"open","ping_status":"","sticky":false,"template":"","format":"standard","meta":{"footnotes":""},"categories":[62,2,311],"tags":[1106,418,259,63,27,1105,200,199],"class_list":["post-19428","post","type-post","status-publish","format-standard","has-post-thumbnail","hentry","category-analog","category-kolej","category-rok-2005","tag-2005-05-26","tag-auto","tag-et41","tag-pkp","tag-polska","tag-swiebodzice","tag-tab-pl240","tag-walbrzych-szczawienko"],"_links":{"self":[{"href":"https:\/\/wgphoto.pl\/t\/index.php?rest_route=\/wp\/v2\/posts\/19428","targetHints":{"allow":["GET"]}}],"collection":[{"href":"https:\/\/wgphoto.pl\/t\/index.php?rest_route=\/wp\/v2\/posts"}],"about":[{"href":"https:\/\/wgphoto.pl\/t\/index.php?rest_route=\/wp\/v2\/types\/post"}],"author":[{"embeddable":true,"href":"https:\/\/wgphoto.pl\/t\/index.php?rest_route=\/wp\/v2\/users\/1"}],"replies":[{"embeddable":true,"href":"https:\/\/wgphoto.pl\/t\/index.php?rest_route=%2Fwp%2Fv2%2Fcomments&post=19428"}],"version-history":[{"count":1,"href":"https:\/\/wgphoto.pl\/t\/index.php?rest_route=\/wp\/v2\/posts\/19428\/revisions"}],"predecessor-version":[{"id":19430,"href":"https:\/\/wgphoto.pl\/t\/index.php?rest_route=\/wp\/v2\/posts\/19428\/revisions\/19430"}],"wp:featuredmedia":[{"embeddable":true,"href":"https:\/\/wgphoto.pl\/t\/index.php?rest_route=\/wp\/v2\/media\/19429"}],"wp:attachment":[{"href":"https:\/\/wgphoto.pl\/t\/index.php?rest_route=%2Fwp%2Fv2%2Fmedia&parent=19428"}],"wp:term":[{"taxonomy":"category","embeddable":true,"href":"https:\/\/wgphoto.pl\/t\/index.php?rest_route=%2Fwp%2Fv2%2Fcategories&post=19428"},{"taxonomy":"post_tag","embeddable":true,"href":"https:\/\/wgphoto.pl\/t\/index.php?rest_route=%2Fwp%2Fv2%2Ftags&post=19428"}],"curies":[{"name":"wp","href":"https:\/\/api.w.org\/{rel}","templated":true}]}}