{"id":19431,"date":"2025-07-02T21:05:33","date_gmt":"2025-07-02T19:05:33","guid":{"rendered":"https:\/\/wgphoto.pl\/t\/?p=19431"},"modified":"2025-07-02T21:05:33","modified_gmt":"2025-07-02T19:05:33","slug":"o-zachodzie-na-deptaku","status":"publish","type":"post","link":"https:\/\/wgphoto.pl\/t\/?p=19431","title":{"rendered":"O zachodzie na deptaku"},"content":{"rendered":"\n<figure class=\"wp-block-image aligncenter size-full\"><img loading=\"lazy\" decoding=\"async\" width=\"1300\" height=\"861\" src=\"https:\/\/wgphoto.pl\/t\/wp-content\/uploads\/2025\/07\/IMGP6382.jpg\" alt=\"\" class=\"wp-image-19432\" srcset=\"https:\/\/wgphoto.pl\/t\/wp-content\/uploads\/2025\/07\/IMGP6382.jpg 1300w, https:\/\/wgphoto.pl\/t\/wp-content\/uploads\/2025\/07\/IMGP6382-300x199.jpg 300w, https:\/\/wgphoto.pl\/t\/wp-content\/uploads\/2025\/07\/IMGP6382-768x509.jpg 768w\" sizes=\"auto, (max-width: 1300px) 100vw, 1300px\" \/><\/figure>\n\n\n\n<div class=\"wp-block-group has-global-padding is-layout-constrained wp-block-group-is-layout-constrained\">\n<p>Erfurt, Schl\u00f6sserstra\u00dfe. Dwukierunkowy Duewag MGT6D 601 w chwili wykonania zdj\u0119cia liczy\u0142 sobie ju\u017c 22 lata. Rzadko kiedy trafia si\u0119 tak niskie s\u0142o\u0144ce w\u015br\u00f3d miejskiej zabudowy. 15.08.2016<\/p>\n<\/div>\n","protected":false},"excerpt":{"rendered":"<p>Erfurt, Schl\u00f6sserstra\u00dfe. Dwukierunkowy Duewag MGT6D 601 w chwili wykonania zdj\u0119cia liczy\u0142 sobie ju\u017c 22 lata. Rzadko kiedy trafia si\u0119 tak niskie s\u0142o\u0144ce w\u015br\u00f3d miejskiej zabudowy. 15.08.2016<\/p>\n","protected":false},"author":1,"featured_media":19432,"comment_status":"open","ping_status":"","sticky":false,"template":"","format":"standard","meta":{"footnotes":""},"categories":[125,3],"tags":[413,239,1802,411,412,151,23,181],"class_list":["post-19431","post","type-post","status-publish","format-standard","has-post-thumbnail","hentry","category-rok-2016","category-tramwaj","tag-2016-08-15","tag-deptak","tag-duewag-ngtx","tag-erfurt","tag-evag-erfurt","tag-ludzie","tag-niemcy","tag-slonce"],"_links":{"self":[{"href":"https:\/\/wgphoto.pl\/t\/index.php?rest_route=\/wp\/v2\/posts\/19431","targetHints":{"allow":["GET"]}}],"collection":[{"href":"https:\/\/wgphoto.pl\/t\/index.php?rest_route=\/wp\/v2\/posts"}],"about":[{"href":"https:\/\/wgphoto.pl\/t\/index.php?rest_route=\/wp\/v2\/types\/post"}],"author":[{"embeddable":true,"href":"https:\/\/wgphoto.pl\/t\/index.php?rest_route=\/wp\/v2\/users\/1"}],"replies":[{"embeddable":true,"href":"https:\/\/wgphoto.pl\/t\/index.php?rest_route=%2Fwp%2Fv2%2Fcomments&post=19431"}],"version-history":[{"count":1,"href":"https:\/\/wgphoto.pl\/t\/index.php?rest_route=\/wp\/v2\/posts\/19431\/revisions"}],"predecessor-version":[{"id":19433,"href":"https:\/\/wgphoto.pl\/t\/index.php?rest_route=\/wp\/v2\/posts\/19431\/revisions\/19433"}],"wp:featuredmedia":[{"embeddable":true,"href":"https:\/\/wgphoto.pl\/t\/index.php?rest_route=\/wp\/v2\/media\/19432"}],"wp:attachment":[{"href":"https:\/\/wgphoto.pl\/t\/index.php?rest_route=%2Fwp%2Fv2%2Fmedia&parent=19431"}],"wp:term":[{"taxonomy":"category","embeddable":true,"href":"https:\/\/wgphoto.pl\/t\/index.php?rest_route=%2Fwp%2Fv2%2Fcategories&post=19431"},{"taxonomy":"post_tag","embeddable":true,"href":"https:\/\/wgphoto.pl\/t\/index.php?rest_route=%2Fwp%2Fv2%2Ftags&post=19431"}],"curies":[{"name":"wp","href":"https:\/\/api.w.org\/{rel}","templated":true}]}}