{"id":19441,"date":"2025-07-02T21:08:22","date_gmt":"2025-07-02T19:08:22","guid":{"rendered":"https:\/\/wgphoto.pl\/t\/?p=19441"},"modified":"2025-07-02T21:08:22","modified_gmt":"2025-07-02T19:08:22","slug":"pst","status":"publish","type":"post","link":"https:\/\/wgphoto.pl\/t\/?p=19441","title":{"rendered":"PST"},"content":{"rendered":"\n<figure class=\"wp-block-image aligncenter size-full\"><img loading=\"lazy\" decoding=\"async\" width=\"1300\" height=\"867\" src=\"https:\/\/wgphoto.pl\/t\/wp-content\/uploads\/2025\/07\/2002m-15_rsn.jpg\" alt=\"\" class=\"wp-image-19442\" srcset=\"https:\/\/wgphoto.pl\/t\/wp-content\/uploads\/2025\/07\/2002m-15_rsn.jpg 1300w, https:\/\/wgphoto.pl\/t\/wp-content\/uploads\/2025\/07\/2002m-15_rsn-300x200.jpg 300w, https:\/\/wgphoto.pl\/t\/wp-content\/uploads\/2025\/07\/2002m-15_rsn-768x512.jpg 768w\" sizes=\"auto, (max-width: 1300px) 100vw, 1300px\" \/><\/figure>\n\n\n\n<div class=\"wp-block-group has-global-padding is-layout-constrained wp-block-group-is-layout-constrained\">\n<p>Przy przystanku S\u0142owia\u0144ska na pozna\u0144skiej &#8222;Pestce&#8221; mijaj\u0105 si\u0119 Tatra RT6N1 408 i sk\u0142ad 105Na+105NaD 82+81. 06.06.2002<\/p>\n<\/div>\n","protected":false},"excerpt":{"rendered":"<p>Przy przystanku S\u0142owia\u0144ska na pozna\u0144skiej &#8222;Pestce&#8221; mijaj\u0105 si\u0119 Tatra RT6N1 408 i sk\u0142ad 105Na+105NaD 82+81. 06.06.2002<\/p>\n","protected":false},"author":1,"featured_media":19442,"comment_status":"open","ping_status":"","sticky":false,"template":"","format":"standard","meta":{"footnotes":""},"categories":[62,577,3],"tags":[155,3935,151,389,236,27,235,1559],"class_list":["post-19441","post","type-post","status-publish","format-standard","has-post-thumbnail","hentry","category-analog","category-rok-2002","category-tramwaj","tag-105na","tag-2002-06-06","tag-ludzie","tag-mijanka","tag-mpk-poznan","tag-polska","tag-poznan","tag-tatra-rt6"],"_links":{"self":[{"href":"https:\/\/wgphoto.pl\/t\/index.php?rest_route=\/wp\/v2\/posts\/19441","targetHints":{"allow":["GET"]}}],"collection":[{"href":"https:\/\/wgphoto.pl\/t\/index.php?rest_route=\/wp\/v2\/posts"}],"about":[{"href":"https:\/\/wgphoto.pl\/t\/index.php?rest_route=\/wp\/v2\/types\/post"}],"author":[{"embeddable":true,"href":"https:\/\/wgphoto.pl\/t\/index.php?rest_route=\/wp\/v2\/users\/1"}],"replies":[{"embeddable":true,"href":"https:\/\/wgphoto.pl\/t\/index.php?rest_route=%2Fwp%2Fv2%2Fcomments&post=19441"}],"version-history":[{"count":1,"href":"https:\/\/wgphoto.pl\/t\/index.php?rest_route=\/wp\/v2\/posts\/19441\/revisions"}],"predecessor-version":[{"id":19443,"href":"https:\/\/wgphoto.pl\/t\/index.php?rest_route=\/wp\/v2\/posts\/19441\/revisions\/19443"}],"wp:featuredmedia":[{"embeddable":true,"href":"https:\/\/wgphoto.pl\/t\/index.php?rest_route=\/wp\/v2\/media\/19442"}],"wp:attachment":[{"href":"https:\/\/wgphoto.pl\/t\/index.php?rest_route=%2Fwp%2Fv2%2Fmedia&parent=19441"}],"wp:term":[{"taxonomy":"category","embeddable":true,"href":"https:\/\/wgphoto.pl\/t\/index.php?rest_route=%2Fwp%2Fv2%2Fcategories&post=19441"},{"taxonomy":"post_tag","embeddable":true,"href":"https:\/\/wgphoto.pl\/t\/index.php?rest_route=%2Fwp%2Fv2%2Ftags&post=19441"}],"curies":[{"name":"wp","href":"https:\/\/api.w.org\/{rel}","templated":true}]}}