{"id":19444,"date":"2025-07-02T21:09:47","date_gmt":"2025-07-02T19:09:47","guid":{"rendered":"https:\/\/wgphoto.pl\/t\/?p=19444"},"modified":"2025-07-02T21:09:47","modified_gmt":"2025-07-02T19:09:47","slug":"hamburg-hbf","status":"publish","type":"post","link":"https:\/\/wgphoto.pl\/t\/?p=19444","title":{"rendered":"Hamburg Hbf"},"content":{"rendered":"\n<figure class=\"wp-block-image aligncenter size-full\"><img loading=\"lazy\" decoding=\"async\" width=\"1300\" height=\"861\" src=\"https:\/\/wgphoto.pl\/t\/wp-content\/uploads\/2025\/07\/IMGP8961.jpg\" alt=\"\" class=\"wp-image-19445\" srcset=\"https:\/\/wgphoto.pl\/t\/wp-content\/uploads\/2025\/07\/IMGP8961.jpg 1300w, https:\/\/wgphoto.pl\/t\/wp-content\/uploads\/2025\/07\/IMGP8961-300x199.jpg 300w, https:\/\/wgphoto.pl\/t\/wp-content\/uploads\/2025\/07\/IMGP8961-768x509.jpg 768w\" sizes=\"auto, (max-width: 1300px) 100vw, 1300px\" \/><\/figure>\n\n\n\n<div class=\"wp-block-group has-global-padding is-layout-constrained wp-block-group-is-layout-constrained\">\n<p>P\u00f3\u017anym wieczorem na dworcu g\u0142\u00f3wnym w Hamburgu do odjazdu szykuje si\u0119 RE do Rostocku. 21.08.2022<\/p>\n<\/div>\n","protected":false},"excerpt":{"rendered":"<p>P\u00f3\u017anym wieczorem na dworcu g\u0142\u00f3wnym w Hamburgu do odjazdu szykuje si\u0119 RE do Rostocku. 21.08.2022<\/p>\n","protected":false},"author":1,"featured_media":19445,"comment_status":"open","ping_status":"","sticky":false,"template":"","format":"standard","meta":{"footnotes":""},"categories":[2,669],"tags":[3893,1282,206,179,3889,4145,23,154,1869],"class_list":["post-19444","post","type-post","status-publish","format-standard","has-post-thumbnail","hentry","category-kolej","category-rok-2022","tag-2022-08-21","tag-9-euro-ticket-2022","tag-db","tag-hala-peronowa","tag-hamburg","tag-hamburg-hauptbahnhof","tag-niemcy","tag-noc","tag-wagon-sterowniczy"],"_links":{"self":[{"href":"https:\/\/wgphoto.pl\/t\/index.php?rest_route=\/wp\/v2\/posts\/19444","targetHints":{"allow":["GET"]}}],"collection":[{"href":"https:\/\/wgphoto.pl\/t\/index.php?rest_route=\/wp\/v2\/posts"}],"about":[{"href":"https:\/\/wgphoto.pl\/t\/index.php?rest_route=\/wp\/v2\/types\/post"}],"author":[{"embeddable":true,"href":"https:\/\/wgphoto.pl\/t\/index.php?rest_route=\/wp\/v2\/users\/1"}],"replies":[{"embeddable":true,"href":"https:\/\/wgphoto.pl\/t\/index.php?rest_route=%2Fwp%2Fv2%2Fcomments&post=19444"}],"version-history":[{"count":1,"href":"https:\/\/wgphoto.pl\/t\/index.php?rest_route=\/wp\/v2\/posts\/19444\/revisions"}],"predecessor-version":[{"id":19446,"href":"https:\/\/wgphoto.pl\/t\/index.php?rest_route=\/wp\/v2\/posts\/19444\/revisions\/19446"}],"wp:featuredmedia":[{"embeddable":true,"href":"https:\/\/wgphoto.pl\/t\/index.php?rest_route=\/wp\/v2\/media\/19445"}],"wp:attachment":[{"href":"https:\/\/wgphoto.pl\/t\/index.php?rest_route=%2Fwp%2Fv2%2Fmedia&parent=19444"}],"wp:term":[{"taxonomy":"category","embeddable":true,"href":"https:\/\/wgphoto.pl\/t\/index.php?rest_route=%2Fwp%2Fv2%2Fcategories&post=19444"},{"taxonomy":"post_tag","embeddable":true,"href":"https:\/\/wgphoto.pl\/t\/index.php?rest_route=%2Fwp%2Fv2%2Ftags&post=19444"}],"curies":[{"name":"wp","href":"https:\/\/api.w.org\/{rel}","templated":true}]}}