{"id":19447,"date":"2025-07-02T21:11:31","date_gmt":"2025-07-02T19:11:31","guid":{"rendered":"https:\/\/wgphoto.pl\/t\/?p=19447"},"modified":"2025-07-02T21:11:31","modified_gmt":"2025-07-02T19:11:31","slug":"wagon-bezposredni-2","status":"publish","type":"post","link":"https:\/\/wgphoto.pl\/t\/?p=19447","title":{"rendered":"Wagon bezpo\u015bredni"},"content":{"rendered":"\n<figure class=\"wp-block-image aligncenter size-full\"><img loading=\"lazy\" decoding=\"async\" width=\"1300\" height=\"861\" src=\"https:\/\/wgphoto.pl\/t\/wp-content\/uploads\/2025\/07\/0901-13.jpg\" alt=\"\" class=\"wp-image-19448\" srcset=\"https:\/\/wgphoto.pl\/t\/wp-content\/uploads\/2025\/07\/0901-13.jpg 1300w, https:\/\/wgphoto.pl\/t\/wp-content\/uploads\/2025\/07\/0901-13-300x199.jpg 300w, https:\/\/wgphoto.pl\/t\/wp-content\/uploads\/2025\/07\/0901-13-768x509.jpg 768w\" sizes=\"auto, (max-width: 1300px) 100vw, 1300px\" \/><\/figure>\n\n\n\n<div class=\"wp-block-group has-global-padding is-layout-constrained wp-block-group-is-layout-constrained\">\n<p>EU07-136 z poci\u0105giem osobowym 3021 &#8222;\u015anie\u017cnik&#8221; relacji (Wroc\u0142aw G\u0142.) &#8211; K\u0142odzko G\u0142. &#8211; Mi\u0119dzylesie przeje\u017cd\u017ca nad Nys\u0105 w Bystrzycy K\u0142odzkiej. 25.01.2009<\/p>\n<\/div>\n","protected":false},"excerpt":{"rendered":"<p>EU07-136 z poci\u0105giem osobowym 3021 &#8222;\u015anie\u017cnik&#8221; relacji (Wroc\u0142aw G\u0142.) &#8211; K\u0142odzko G\u0142. &#8211; Mi\u0119dzylesie przeje\u017cd\u017ca nad Nys\u0105 w Bystrzycy K\u0142odzkiej. 25.01.2009<\/p>\n","protected":false},"author":1,"featured_media":19448,"comment_status":"open","ping_status":"","sticky":false,"template":"","format":"standard","meta":{"footnotes":""},"categories":[62,2,169],"tags":[2208,1574,122,45,63,27,73,383],"class_list":["post-19447","post","type-post","status-publish","format-standard","has-post-thumbnail","hentry","category-analog","category-kolej","category-rok-2009","tag-2009-01-25","tag-bystrzyca-klodzka","tag-eu07","tag-most","tag-pkp","tag-polska","tag-rzeka","tag-tab-pl230"],"_links":{"self":[{"href":"https:\/\/wgphoto.pl\/t\/index.php?rest_route=\/wp\/v2\/posts\/19447","targetHints":{"allow":["GET"]}}],"collection":[{"href":"https:\/\/wgphoto.pl\/t\/index.php?rest_route=\/wp\/v2\/posts"}],"about":[{"href":"https:\/\/wgphoto.pl\/t\/index.php?rest_route=\/wp\/v2\/types\/post"}],"author":[{"embeddable":true,"href":"https:\/\/wgphoto.pl\/t\/index.php?rest_route=\/wp\/v2\/users\/1"}],"replies":[{"embeddable":true,"href":"https:\/\/wgphoto.pl\/t\/index.php?rest_route=%2Fwp%2Fv2%2Fcomments&post=19447"}],"version-history":[{"count":1,"href":"https:\/\/wgphoto.pl\/t\/index.php?rest_route=\/wp\/v2\/posts\/19447\/revisions"}],"predecessor-version":[{"id":19449,"href":"https:\/\/wgphoto.pl\/t\/index.php?rest_route=\/wp\/v2\/posts\/19447\/revisions\/19449"}],"wp:featuredmedia":[{"embeddable":true,"href":"https:\/\/wgphoto.pl\/t\/index.php?rest_route=\/wp\/v2\/media\/19448"}],"wp:attachment":[{"href":"https:\/\/wgphoto.pl\/t\/index.php?rest_route=%2Fwp%2Fv2%2Fmedia&parent=19447"}],"wp:term":[{"taxonomy":"category","embeddable":true,"href":"https:\/\/wgphoto.pl\/t\/index.php?rest_route=%2Fwp%2Fv2%2Fcategories&post=19447"},{"taxonomy":"post_tag","embeddable":true,"href":"https:\/\/wgphoto.pl\/t\/index.php?rest_route=%2Fwp%2Fv2%2Ftags&post=19447"}],"curies":[{"name":"wp","href":"https:\/\/api.w.org\/{rel}","templated":true}]}}