{"id":19465,"date":"2025-07-02T21:17:16","date_gmt":"2025-07-02T19:17:16","guid":{"rendered":"https:\/\/wgphoto.pl\/t\/?p=19465"},"modified":"2025-07-02T21:17:16","modified_gmt":"2025-07-02T19:17:16","slug":"decin-vychod-chwile-pozniej","status":"publish","type":"post","link":"https:\/\/wgphoto.pl\/t\/?p=19465","title":{"rendered":"D\u011b\u010d\u00edn v\u00fdchod chwil\u0119 p\u00f3\u017aniej"},"content":{"rendered":"\n<figure class=\"wp-block-image aligncenter size-full\"><img loading=\"lazy\" decoding=\"async\" width=\"1200\" height=\"795\" src=\"https:\/\/wgphoto.pl\/t\/wp-content\/uploads\/2025\/07\/IMGP3198.jpg\" alt=\"\" class=\"wp-image-19466\" srcset=\"https:\/\/wgphoto.pl\/t\/wp-content\/uploads\/2025\/07\/IMGP3198.jpg 1200w, https:\/\/wgphoto.pl\/t\/wp-content\/uploads\/2025\/07\/IMGP3198-300x199.jpg 300w, https:\/\/wgphoto.pl\/t\/wp-content\/uploads\/2025\/07\/IMGP3198-768x509.jpg 768w\" sizes=\"auto, (max-width: 1200px) 100vw, 1200px\" \/><\/figure>\n\n\n\n<div class=\"wp-block-group has-global-padding is-layout-constrained wp-block-group-is-layout-constrained\">\n<p>141.012-5 (E499.112) ze sk\u0142adem poci\u0105gu pospiesznego do \u00dast\u00ed nad Labem hl.n. podczas oczekiwania na stacji D\u011b\u010d\u00edn v\u00fdchod na autobusy zast\u0119pcze z Liberca (gdy\u017c pe\u0142na relacja powinna prowadzi\u0107 z Liberca do \u00danL). Kilkana\u015bcie minut wcze\u015bniej powsta\u0142o [jakie\u015b inne] uj\u0119cie [kt\u00f3re zapewne mo\u017cna znale\u017a\u0107 po tagach]. 21.09.2017<\/p>\n<\/div>\n","protected":false},"excerpt":{"rendered":"<p>141.012-5 (E499.112) ze sk\u0142adem poci\u0105gu pospiesznego do \u00dast\u00ed nad Labem hl.n. podczas oczekiwania na stacji D\u011b\u010d\u00edn v\u00fdchod na autobusy zast\u0119pcze z Liberca (gdy\u017c pe\u0142na relacja powinna prowadzi\u0107 z Liberca do \u00danL). Kilkana\u015bcie minut wcze\u015bniej powsta\u0142o [jakie\u015b inne] uj\u0119cie [kt\u00f3re zapewne mo\u017cna znale\u017a\u0107 po tagach]. 21.09.2017<\/p>\n","protected":false},"author":1,"featured_media":19466,"comment_status":"open","ping_status":"","sticky":false,"template":"","format":"standard","meta":{"footnotes":""},"categories":[2,368],"tags":[2444,656,50,49,2908,4149,154,139,1953,90],"class_list":["post-19465","post","type-post","status-publish","format-standard","has-post-thumbnail","hentry","category-kolej","category-rok-2017","tag-2444","tag-2017-09-21","tag-cd","tag-czechy","tag-decin-vychod","tag-e499","tag-noc","tag-retro","tag-tab-cz081","tag-wieczorem"],"_links":{"self":[{"href":"https:\/\/wgphoto.pl\/t\/index.php?rest_route=\/wp\/v2\/posts\/19465","targetHints":{"allow":["GET"]}}],"collection":[{"href":"https:\/\/wgphoto.pl\/t\/index.php?rest_route=\/wp\/v2\/posts"}],"about":[{"href":"https:\/\/wgphoto.pl\/t\/index.php?rest_route=\/wp\/v2\/types\/post"}],"author":[{"embeddable":true,"href":"https:\/\/wgphoto.pl\/t\/index.php?rest_route=\/wp\/v2\/users\/1"}],"replies":[{"embeddable":true,"href":"https:\/\/wgphoto.pl\/t\/index.php?rest_route=%2Fwp%2Fv2%2Fcomments&post=19465"}],"version-history":[{"count":1,"href":"https:\/\/wgphoto.pl\/t\/index.php?rest_route=\/wp\/v2\/posts\/19465\/revisions"}],"predecessor-version":[{"id":19467,"href":"https:\/\/wgphoto.pl\/t\/index.php?rest_route=\/wp\/v2\/posts\/19465\/revisions\/19467"}],"wp:featuredmedia":[{"embeddable":true,"href":"https:\/\/wgphoto.pl\/t\/index.php?rest_route=\/wp\/v2\/media\/19466"}],"wp:attachment":[{"href":"https:\/\/wgphoto.pl\/t\/index.php?rest_route=%2Fwp%2Fv2%2Fmedia&parent=19465"}],"wp:term":[{"taxonomy":"category","embeddable":true,"href":"https:\/\/wgphoto.pl\/t\/index.php?rest_route=%2Fwp%2Fv2%2Fcategories&post=19465"},{"taxonomy":"post_tag","embeddable":true,"href":"https:\/\/wgphoto.pl\/t\/index.php?rest_route=%2Fwp%2Fv2%2Ftags&post=19465"}],"curies":[{"name":"wp","href":"https:\/\/api.w.org\/{rel}","templated":true}]}}