{"id":19468,"date":"2025-07-03T17:24:44","date_gmt":"2025-07-03T15:24:44","guid":{"rendered":"https:\/\/wgphoto.pl\/t\/?p=19468"},"modified":"2025-07-03T17:24:44","modified_gmt":"2025-07-03T15:24:44","slug":"lombardia-na-dolnym-slasku","status":"publish","type":"post","link":"https:\/\/wgphoto.pl\/t\/?p=19468","title":{"rendered":"Lombardia na Dolnym \u015al\u0105sku"},"content":{"rendered":"\n<figure class=\"wp-block-image aligncenter size-full\"><img loading=\"lazy\" decoding=\"async\" width=\"1200\" height=\"795\" src=\"https:\/\/wgphoto.pl\/t\/wp-content\/uploads\/2025\/07\/0725-27_rsn.jpg\" alt=\"\" class=\"wp-image-19469\" srcset=\"https:\/\/wgphoto.pl\/t\/wp-content\/uploads\/2025\/07\/0725-27_rsn.jpg 1200w, https:\/\/wgphoto.pl\/t\/wp-content\/uploads\/2025\/07\/0725-27_rsn-300x199.jpg 300w, https:\/\/wgphoto.pl\/t\/wp-content\/uploads\/2025\/07\/0725-27_rsn-768x509.jpg 768w\" sizes=\"auto, (max-width: 1200px) 100vw, 1200px\" \/><\/figure>\n\n\n\n<div class=\"wp-block-group has-global-padding is-layout-constrained wp-block-group-is-layout-constrained\">\n<p>Prezentacja Stadlera na dworcu g\u0142\u00f3wnym we Wroc\u0142awiu. Na burcie zwracaj\u0105 uwag\u0119 r\u00f3\u017cne numery jednostki &#8211; szwajcarski i w\u0142oski. 31.08.2007<\/p>\n<\/div>\n","protected":false},"excerpt":{"rendered":"<p>Prezentacja Stadlera na dworcu g\u0142\u00f3wnym we Wroc\u0142awiu. Na burcie zwracaj\u0105 uwag\u0119 r\u00f3\u017cne numery jednostki &#8211; szwajcarski i w\u0142oski. 31.08.2007<\/p>\n","protected":false},"author":1,"featured_media":19469,"comment_status":"open","ping_status":"","sticky":false,"template":"","format":"standard","meta":{"footnotes":""},"categories":[62,220,2,96],"tags":[1516,179,27,202,204,4150,41,180],"class_list":["post-19468","post","type-post","status-publish","format-standard","has-post-thumbnail","hentry","category-analog","category-blo","category-kolej","category-rok-2007","tag-2007-08-31","tag-hala-peronowa","tag-polska","tag-specjalny","tag-stadler-flirt","tag-tilo","tag-wroclaw","tag-wroclaw-glowny"],"_links":{"self":[{"href":"https:\/\/wgphoto.pl\/t\/index.php?rest_route=\/wp\/v2\/posts\/19468","targetHints":{"allow":["GET"]}}],"collection":[{"href":"https:\/\/wgphoto.pl\/t\/index.php?rest_route=\/wp\/v2\/posts"}],"about":[{"href":"https:\/\/wgphoto.pl\/t\/index.php?rest_route=\/wp\/v2\/types\/post"}],"author":[{"embeddable":true,"href":"https:\/\/wgphoto.pl\/t\/index.php?rest_route=\/wp\/v2\/users\/1"}],"replies":[{"embeddable":true,"href":"https:\/\/wgphoto.pl\/t\/index.php?rest_route=%2Fwp%2Fv2%2Fcomments&post=19468"}],"version-history":[{"count":1,"href":"https:\/\/wgphoto.pl\/t\/index.php?rest_route=\/wp\/v2\/posts\/19468\/revisions"}],"predecessor-version":[{"id":19470,"href":"https:\/\/wgphoto.pl\/t\/index.php?rest_route=\/wp\/v2\/posts\/19468\/revisions\/19470"}],"wp:featuredmedia":[{"embeddable":true,"href":"https:\/\/wgphoto.pl\/t\/index.php?rest_route=\/wp\/v2\/media\/19469"}],"wp:attachment":[{"href":"https:\/\/wgphoto.pl\/t\/index.php?rest_route=%2Fwp%2Fv2%2Fmedia&parent=19468"}],"wp:term":[{"taxonomy":"category","embeddable":true,"href":"https:\/\/wgphoto.pl\/t\/index.php?rest_route=%2Fwp%2Fv2%2Fcategories&post=19468"},{"taxonomy":"post_tag","embeddable":true,"href":"https:\/\/wgphoto.pl\/t\/index.php?rest_route=%2Fwp%2Fv2%2Ftags&post=19468"}],"curies":[{"name":"wp","href":"https:\/\/api.w.org\/{rel}","templated":true}]}}